{"id":48618,"date":"2016-08-04T22:10:44","date_gmt":"2016-08-04T19:10:44","guid":{"rendered":"http:\/\/www.sana.sy\/es\/?p=48618"},"modified":"2016-08-04T22:14:24","modified_gmt":"2016-08-04T19:14:24","slug":"presidente-al-assad-recibe-al-jefe-de-la-comision-de-seguridad-nacional-y-politica-externa-del-parlamento-irani","status":"publish","type":"post","link":"https:\/\/archive.sana.sy\/es\/?p=48618","title":{"rendered":"Presidente al Assad recibe al\u00a0jefe de la Comisi\u00f3n de Seguridad Nacional y Pol\u00edtica Externa del Parlamento iran\u00ed"},"content":{"rendered":"<p style=\"text-align: justify\"><span lang=\"ES-TRAD\"><span style=\"color: #800000\">Damasco, SANA<\/span><u><\/u><u><\/u><\/span><\/p>\n<p style=\"text-align: justify\"><span lang=\"ES-TRAD\">El Presidente Bashar Al Assad, recibi\u00f3 este jueves al jefe de la Comisi\u00f3n de Seguridad Nacional y Pol\u00edtica Externa del Parlamento iran\u00ed, Alaeddin Boroujerdi, y a los miembros de la delegaci\u00f3n que lo acompa\u00f1a.<\/span><span lang=\"ES-TRAD\">\u00a0<u><\/u><\/span><\/p>\n<p>En la reuni\u00f3n se abordaron los \u00faltimos acontecimientos en el escenario sirio, donde el alto funcionario iran\u00ed subray\u00f3 que los logros del ej\u00e9rcito sirio en su lucha contra el terrorismo han culminado la resistencia del pueblo sirio y su determinaci\u00f3n a defender a su pa\u00eds del terrorismo y sus patrocinadores, resaltando que la victoria de Siria contribuir\u00e1 a cambiar el mapa de la regi\u00f3n entera.<\/p>\n<p>El mandatario sirio intercambi\u00f3 con el alto funcionario iran\u00ed puntos de vista sobre la situaci\u00f3n a nivel tanto regional como internacional, y su impacto sobre el asunto sirio. En este sentido, ambas partes recalcaron que la insistencia de algunos pa\u00edses a continuar con sus pol\u00edticas irrazonables \u00a0y su apoyo a las organizaciones terroristas para alcanzar metas en contra de los intereses de sus pueblos, ha contribuido a la propagaci\u00f3n del flagelo del terrorismo y la desestabilizaci\u00f3n de m\u00e1s pa\u00edses del mundo.<\/p>\n<p>El presidente al-Assad puso de relieve que el futuro de la regi\u00f3n ser\u00e1 determinado por los pueblos que hicieron frente a estas pol\u00edticas y ofrecieron sacrificios en su lucha para erradicar el terrorismo y salvaguardar la soberan\u00eda de sus pa\u00edses.<\/p>\n<p>Ambas partes destacaron la importancia de establecer una cooperaci\u00f3n inteparlamentaria permanente, que contribuya a reforzar los v\u00ednculos entre ambos pueblos hermanos, y de seguir la labor para elevar el nivel de la cooperaci\u00f3n entre los gobiernos de Siria e Ir\u00e1n.<\/p>\n<p>En el mismo contexto, el canciller sirio, Walid al-Moallem debati\u00f3 con Boroujerdi las v\u00edas de fortalecer\u00a0la cooperaci\u00f3n bilateral entre los dos pa\u00edses hermanos.<\/p>\n<p>El jefe de la diplomacia siria afirm\u00f3 que la resistencia es la opci\u00f3n principal del pueblo y el liderazgo de Siria, y se\u00f1al\u00f3 que la victoria definitiva llegar\u00e1 pronto.<\/p>\n<p>A su vez, el alto funcionario persa expres\u00f3 su fe en la victoria de Siria y el eje de la resistencia sobre sus enemigos, reiterando el apoyo de Ir\u00e1n al pueblo y el liderazgo sirios en todas las \u00e1reas hasta que venzan al terrorismo takfiri y restablezcan la seguridad en todo el territorio sirio.<\/p>\n<p>&nbsp;<\/p>\n<p>&nbsp;<\/p>\n<p>&nbsp;<\/p>\n<p>Lynn A.<\/p>\n","protected":false},"excerpt":{"rendered":"<p>Damasco, SANA El Presidente Bashar Al Assad, recibi\u00f3 este jueves al jefe de la Comisi\u00f3n de Seguridad Nacional y Pol\u00edtica Externa del Parlamento iran\u00ed, Alaeddin Boroujerdi, y a los miembros de la delegaci\u00f3n que lo acompa\u00f1a.\u00a0 En la reuni\u00f3n se abordaron los \u00faltimos acontecimientos en el escenario sirio, donde el alto funcionario iran\u00ed subray\u00f3 que &hellip;<\/p>\n","protected":false},"author":1,"featured_media":48619,"comment_status":"closed","ping_status":"closed","sticky":false,"template":"","format":"standard","meta":{"footnotes":""},"categories":[597,576,583,626],"tags":[8968],"class_list":["post-48618","post","type-post","status-publish","format-standard","has-post-thumbnail","","category-cinta-de-noticias","category-noticias-politicas","category-slide","category-sr-presidente","tag-presidente-al-assad-recibe-al-jefe-de-la-comision-de-seguridad-nacional-y-politica-externa-del-parlamento-irani"],"_links":{"self":[{"href":"https:\/\/archive.sana.sy\/es\/index.php?rest_route=\/wp\/v2\/posts\/48618"}],"collection":[{"href":"https:\/\/archive.sana.sy\/es\/index.php?rest_route=\/wp\/v2\/posts"}],"about":[{"href":"https:\/\/archive.sana.sy\/es\/index.php?rest_route=\/wp\/v2\/types\/post"}],"author":[{"embeddable":true,"href":"https:\/\/archive.sana.sy\/es\/index.php?rest_route=\/wp\/v2\/users\/1"}],"replies":[{"embeddable":true,"href":"https:\/\/archive.sana.sy\/es\/index.php?rest_route=%2Fwp%2Fv2%2Fcomments&post=48618"}],"version-history":[{"count":0,"href":"https:\/\/archive.sana.sy\/es\/index.php?rest_route=\/wp\/v2\/posts\/48618\/revisions"}],"wp:featuredmedia":[{"embeddable":true,"href":"https:\/\/archive.sana.sy\/es\/index.php?rest_route=\/wp\/v2\/media\/48619"}],"wp:attachment":[{"href":"https:\/\/archive.sana.sy\/es\/index.php?rest_route=%2Fwp%2Fv2%2Fmedia&parent=48618"}],"wp:term":[{"taxonomy":"category","embeddable":true,"href":"https:\/\/archive.sana.sy\/es\/index.php?rest_route=%2Fwp%2Fv2%2Fcategories&post=48618"},{"taxonomy":"post_tag","embeddable":true,"href":"https:\/\/archive.sana.sy\/es\/index.php?rest_route=%2Fwp%2Fv2%2Ftags&post=48618"}],"curies":[{"name":"wp","href":"https:\/\/api.w.org\/{rel}","templated":true}]}}