{"id":48712,"date":"2016-08-05T20:10:28","date_gmt":"2016-08-05T17:10:28","guid":{"rendered":"http:\/\/www.sana.sy\/es\/?p=48712"},"modified":"2016-08-05T20:10:28","modified_gmt":"2016-08-05T17:10:28","slug":"rusia-lamenta-las-evaluaciones-de-washington-respecto-a-la-desconfianza-en-las-acciones-de-rusia-en-siria","status":"publish","type":"post","link":"https:\/\/archive.sana.sy\/es\/?p=48712","title":{"rendered":"Rusia lamenta las evaluaciones de Washington respecto a la desconfianza en las acciones de Rusia en Siria"},"content":{"rendered":"<p><span style=\"color: #800000;\">Mosc\u00fa- SANA<\/span><\/p>\n<p>El viceministro de Exteriores ruso, Serguei Ryabkov, inform\u00f3 que el di\u00e1logo entre Rusia y Estados Unidos sobre la crisis siria se contin\u00faa por diferentes v\u00edas y a diferentes niveles, manifestando que su pa\u00eds lamenta las evaluaciones de Washington respecto a la desconfianza en las acciones de Rusia en Siria.<\/p>\n<p>\u201cLamentamos las evaluaciones declaradas, respecto a la desconfianza en las acciones de Rusia, y esto es lo que dificulta el asunto, pero nuestros socios de EE.UU deben entender c\u00f3mo hay que llevar a cabo la misi\u00f3n principal, representada por derrotar a los terroristas en Siria\u201d, dijo Ryabkov.<\/p>\n<p>Y a\u00f1adi\u00f3 que el contraste est\u00e1 en que la desconfianza se interpreta, en nuestra opini\u00f3n, en que EE.UU no tiene una voluntad pol\u00edtica para cumplir los objetivos generales y claros, y sin llegar a esta realidad no se prev\u00e9 ninguna estabilidad en Oriente Medio, ni se retroceder\u00e1n las amenazas terroristas en muchas partes del mundo.<\/p>\n<p>Anteriormente, el asesor del presidente ruso, Yuri Ushakov, se\u00f1al\u00f3 que EE.UU debe tener en cuenta las posibles consecuencias de este tipo de declaraciones y evaluaciones sobre las acciones de Rusia en Siria.<\/p>\n<p>&nbsp;<\/p>\n<p>&nbsp;<\/p>\n<p>&nbsp;<\/p>\n<p><span style=\"color: #0000ff;\">Akram. S<\/span><\/p>\n","protected":false},"excerpt":{"rendered":"<p>Mosc\u00fa- SANA El viceministro de Exteriores ruso, Serguei Ryabkov, inform\u00f3 que el di\u00e1logo entre Rusia y Estados Unidos sobre la crisis siria se contin\u00faa por diferentes v\u00edas y a diferentes niveles, manifestando que su pa\u00eds lamenta las evaluaciones de Washington respecto a la desconfianza en las acciones de Rusia en Siria. \u201cLamentamos las evaluaciones declaradas, &hellip;<\/p>\n","protected":false},"author":1,"featured_media":48713,"comment_status":"closed","ping_status":"closed","sticky":false,"template":"","format":"standard","meta":{"footnotes":""},"categories":[597,456,7541],"tags":[],"class_list":["post-48712","post","type-post","status-publish","format-standard","has-post-thumbnail","","category-cinta-de-noticias","category-arabe-internacional-politica","category-ultimas-noticias"],"_links":{"self":[{"href":"https:\/\/archive.sana.sy\/es\/index.php?rest_route=\/wp\/v2\/posts\/48712"}],"collection":[{"href":"https:\/\/archive.sana.sy\/es\/index.php?rest_route=\/wp\/v2\/posts"}],"about":[{"href":"https:\/\/archive.sana.sy\/es\/index.php?rest_route=\/wp\/v2\/types\/post"}],"author":[{"embeddable":true,"href":"https:\/\/archive.sana.sy\/es\/index.php?rest_route=\/wp\/v2\/users\/1"}],"replies":[{"embeddable":true,"href":"https:\/\/archive.sana.sy\/es\/index.php?rest_route=%2Fwp%2Fv2%2Fcomments&post=48712"}],"version-history":[{"count":0,"href":"https:\/\/archive.sana.sy\/es\/index.php?rest_route=\/wp\/v2\/posts\/48712\/revisions"}],"wp:featuredmedia":[{"embeddable":true,"href":"https:\/\/archive.sana.sy\/es\/index.php?rest_route=\/wp\/v2\/media\/48713"}],"wp:attachment":[{"href":"https:\/\/archive.sana.sy\/es\/index.php?rest_route=%2Fwp%2Fv2%2Fmedia&parent=48712"}],"wp:term":[{"taxonomy":"category","embeddable":true,"href":"https:\/\/archive.sana.sy\/es\/index.php?rest_route=%2Fwp%2Fv2%2Fcategories&post=48712"},{"taxonomy":"post_tag","embeddable":true,"href":"https:\/\/archive.sana.sy\/es\/index.php?rest_route=%2Fwp%2Fv2%2Ftags&post=48712"}],"curies":[{"name":"wp","href":"https:\/\/api.w.org\/{rel}","templated":true}]}}