{"id":48830,"date":"2016-08-06T20:50:36","date_gmt":"2016-08-06T17:50:36","guid":{"rendered":"http:\/\/www.sana.sy\/es\/?p=48830"},"modified":"2016-08-06T20:50:36","modified_gmt":"2016-08-06T17:50:36","slug":"fuerzas-yemenies-matan-a-decenas-de-mercenarios-saudies-al-este-de-sana","status":"publish","type":"post","link":"https:\/\/archive.sana.sy\/es\/?p=48830","title":{"rendered":"Fuerzas yemen\u00edes matan a decenas de mercenarios saud\u00edes al este de San\u00e1"},"content":{"rendered":"<p style=\"text-align: justify\"><span style=\"color: #800000\">San\u00e1, SANA<\/span>&#8211; Decenas de mercenarios del r\u00e9gimen Saudita han sido eliminados y otros han resultaron heridos este s\u00e1bado a manos del ej\u00e9rcito yemen\u00ed y los comit\u00e9s populares en las afueras del municipio de Nahen al noreste de la provincia de San\u00e1.<\/p>\n<p style=\"text-align: justify\">Una fuente militar dijo a al canal de televisi\u00f3n Al Masira que los mercenarios sauditas bajo una cubertura a\u00e9rea intentaron atacar posiciones del ej\u00e9rcito yemen\u00ed y de los Comit\u00e9s Populares en las afueras del municipio de Nahem, donde han sido derrotados.<\/p>\n<p style=\"text-align: justify\">La fuente se\u00f1al\u00f3 que las fuerzas yemen\u00edes lanzaron un misil bal\u00edstico, Zelzal-3, contra reuniones de los mercenarios cerca del municipio de Nahem, lo que dio lugar a significativas p\u00e9rdidas en las filas de los agresores.<\/p>\n<p style=\"text-align: justify\">En el mismo contexto, un n\u00famero de soldados del r\u00e9gimen saudita murieron y otras resultaron heridas, adem\u00e1s de la destrucci\u00f3n de dos carros blindados y veh\u00edculo militar, en bombardeos del ej\u00e9rcito yemen\u00ed y los comit\u00e9s populares contra las zonas de Al-Abadiyah, y Wadi Kasab Bakhawbh en la provincia saudita de Jiz\u00e1n.<\/p>\n<p style=\"text-align: justify\">De igual manera, el ej\u00e9rcito dirigi\u00f3 varios ataques contra las zonas Rekabaet y Rekabet Al-Sharquiya y otras zonas en la provincia de Najran, con cohetes Katyusha, agreg\u00f3 la fuente.<\/p>\n<p style=\"text-align: justify\">\n<p><em>M.Miri<\/em><\/p>\n","protected":false},"excerpt":{"rendered":"<p>San\u00e1, SANA&#8211; Decenas de mercenarios del r\u00e9gimen Saudita han sido eliminados y otros han resultaron heridos este s\u00e1bado a manos del ej\u00e9rcito yemen\u00ed y los comit\u00e9s populares en las afueras del municipio de Nahen al noreste de la provincia de San\u00e1. Una fuente militar dijo a al canal de televisi\u00f3n Al Masira que los mercenarios &hellip;<\/p>\n","protected":false},"author":1,"featured_media":48831,"comment_status":"closed","ping_status":"closed","sticky":false,"template":"","format":"standard","meta":{"footnotes":""},"categories":[456,457],"tags":[6304],"class_list":["post-48830","post","type-post","status-publish","format-standard","has-post-thumbnail","","category-arabe-internacional-politica","category-noticias-arabe-internacional-politica","tag-yemen"],"_links":{"self":[{"href":"https:\/\/archive.sana.sy\/es\/index.php?rest_route=\/wp\/v2\/posts\/48830"}],"collection":[{"href":"https:\/\/archive.sana.sy\/es\/index.php?rest_route=\/wp\/v2\/posts"}],"about":[{"href":"https:\/\/archive.sana.sy\/es\/index.php?rest_route=\/wp\/v2\/types\/post"}],"author":[{"embeddable":true,"href":"https:\/\/archive.sana.sy\/es\/index.php?rest_route=\/wp\/v2\/users\/1"}],"replies":[{"embeddable":true,"href":"https:\/\/archive.sana.sy\/es\/index.php?rest_route=%2Fwp%2Fv2%2Fcomments&post=48830"}],"version-history":[{"count":0,"href":"https:\/\/archive.sana.sy\/es\/index.php?rest_route=\/wp\/v2\/posts\/48830\/revisions"}],"wp:featuredmedia":[{"embeddable":true,"href":"https:\/\/archive.sana.sy\/es\/index.php?rest_route=\/wp\/v2\/media\/48831"}],"wp:attachment":[{"href":"https:\/\/archive.sana.sy\/es\/index.php?rest_route=%2Fwp%2Fv2%2Fmedia&parent=48830"}],"wp:term":[{"taxonomy":"category","embeddable":true,"href":"https:\/\/archive.sana.sy\/es\/index.php?rest_route=%2Fwp%2Fv2%2Fcategories&post=48830"},{"taxonomy":"post_tag","embeddable":true,"href":"https:\/\/archive.sana.sy\/es\/index.php?rest_route=%2Fwp%2Fv2%2Ftags&post=48830"}],"curies":[{"name":"wp","href":"https:\/\/api.w.org\/{rel}","templated":true}]}}