{"id":48833,"date":"2016-08-06T21:08:32","date_gmt":"2016-08-06T18:08:32","guid":{"rendered":"http:\/\/www.sana.sy\/es\/?p=48833"},"modified":"2016-08-06T22:25:02","modified_gmt":"2016-08-06T19:25:02","slug":"ataque-terrorista-en-alepo-se-salda-con-3-victimas-mortales","status":"publish","type":"post","link":"https:\/\/archive.sana.sy\/es\/?p=48833","title":{"rendered":"Ataques terroristas en Alepo se saldan con 10 v\u00edctimas mortales"},"content":{"rendered":"<p style=\"text-align: justify\"><span style=\"color: #800000\">Alepo, SANA<\/span>-Nuevos ataques terroristas con proyectiles contra la ciudad de Alepo han cobrado la vida de 10 personas y dejado 13 heridos, inform\u00f3 este s\u00e1bado una fuente policial.<\/p>\n<p style=\"text-align: justify\">De acuerdo con la fuente, decenas de proyectiles lanzados por integrantes cayeron en el barrio residencial de Al-Hamadaniya, causando la muerte a 7 civiles y heridas a otros 13, adem\u00e1s de provocar grandes da\u00f1os materiales en las propiedades, tanto privadas como p\u00fablicas.<\/p>\n<p style=\"text-align: justify\">La fuente agreg\u00f3 otros tres civiles perdieron la vida en ataque terroristas con proyectiles contra el barrio de Salah Al-Din.<\/p>\n<p><em>M.Miri<\/em><\/p>\n","protected":false},"excerpt":{"rendered":"<p>Alepo, SANA-Nuevos ataques terroristas con proyectiles contra la ciudad de Alepo han cobrado la vida de 10 personas y dejado 13 heridos, inform\u00f3 este s\u00e1bado una fuente policial. De acuerdo con la fuente, decenas de proyectiles lanzados por integrantes cayeron en el barrio residencial de Al-Hamadaniya, causando la muerte a 7 civiles y heridas a &hellip;<\/p>\n","protected":false},"author":1,"featured_media":48838,"comment_status":"closed","ping_status":"closed","sticky":false,"template":"","format":"standard","meta":{"footnotes":""},"categories":[477,476,7541],"tags":[2626],"class_list":["post-48833","post","type-post","status-publish","format-standard","has-post-thumbnail","","category-noticias-edulcorantes","category-locales","category-ultimas-noticias","tag-alepo"],"_links":{"self":[{"href":"https:\/\/archive.sana.sy\/es\/index.php?rest_route=\/wp\/v2\/posts\/48833"}],"collection":[{"href":"https:\/\/archive.sana.sy\/es\/index.php?rest_route=\/wp\/v2\/posts"}],"about":[{"href":"https:\/\/archive.sana.sy\/es\/index.php?rest_route=\/wp\/v2\/types\/post"}],"author":[{"embeddable":true,"href":"https:\/\/archive.sana.sy\/es\/index.php?rest_route=\/wp\/v2\/users\/1"}],"replies":[{"embeddable":true,"href":"https:\/\/archive.sana.sy\/es\/index.php?rest_route=%2Fwp%2Fv2%2Fcomments&post=48833"}],"version-history":[{"count":0,"href":"https:\/\/archive.sana.sy\/es\/index.php?rest_route=\/wp\/v2\/posts\/48833\/revisions"}],"wp:featuredmedia":[{"embeddable":true,"href":"https:\/\/archive.sana.sy\/es\/index.php?rest_route=\/wp\/v2\/media\/48838"}],"wp:attachment":[{"href":"https:\/\/archive.sana.sy\/es\/index.php?rest_route=%2Fwp%2Fv2%2Fmedia&parent=48833"}],"wp:term":[{"taxonomy":"category","embeddable":true,"href":"https:\/\/archive.sana.sy\/es\/index.php?rest_route=%2Fwp%2Fv2%2Fcategories&post=48833"},{"taxonomy":"post_tag","embeddable":true,"href":"https:\/\/archive.sana.sy\/es\/index.php?rest_route=%2Fwp%2Fv2%2Ftags&post=48833"}],"curies":[{"name":"wp","href":"https:\/\/api.w.org\/{rel}","templated":true}]}}