{"id":48889,"date":"2016-08-07T23:13:50","date_gmt":"2016-08-07T20:13:50","guid":{"rendered":"http:\/\/www.sana.sy\/es\/?p=48889"},"modified":"2016-08-07T23:15:13","modified_gmt":"2016-08-07T20:15:13","slug":"el-jefe-del-regimen-turco-continua-sus-amenazas-con-imponer-la-pena-de-muerte","status":"publish","type":"post","link":"https:\/\/archive.sana.sy\/es\/?p=48889","title":{"rendered":"El Jefe del R\u00e9gimen Turco contin\u00faa sus amenazas con imponer la pena de muerte"},"content":{"rendered":"<p><span style=\"color: #800000;\">Estambul- SANA<\/span><\/p>\n<p>&nbsp;<\/p>\n<p>El Jefe del R\u00e9gimen Turco, Recep Tayyib Erdogan, continu\u00f3 sus amenazas con imponer la pena de muerte, y solicit\u00f3 a los partidos turcos cumplir esta demanda bajo el pretexto del golpe de Estado, que tuvo lugar a mediados del mes pasado.<\/p>\n<p>\u201cSi el pueblo quiere que se imponga la pena de muerte, los partidos deben estar de acuerdo con la voluntad del pueblo\u201d, dijo Erdogan.<\/p>\n<p>A mediados del mes pasado, un golpe de Estado fallido en Turqu\u00eda permiti\u00f3 a Erdogan aprovecharse de ello para llevar a cabo una campa\u00f1a de represi\u00f3n contra diferentes clases y sectores, como jueces, abogados, funcionarios, a parte de los militares.<\/p>\n<p>&nbsp;<\/p>\n<p>&nbsp;<\/p>\n<p><span style=\"color: #0000ff;\">Akram. S<\/span><\/p>\n","protected":false},"excerpt":{"rendered":"<p>Estambul- SANA &nbsp; El Jefe del R\u00e9gimen Turco, Recep Tayyib Erdogan, continu\u00f3 sus amenazas con imponer la pena de muerte, y solicit\u00f3 a los partidos turcos cumplir esta demanda bajo el pretexto del golpe de Estado, que tuvo lugar a mediados del mes pasado. \u201cSi el pueblo quiere que se imponga la pena de muerte, &hellip;<\/p>\n","protected":false},"author":1,"featured_media":48890,"comment_status":"closed","ping_status":"closed","sticky":false,"template":"","format":"standard","meta":{"footnotes":""},"categories":[597,456,7541],"tags":[],"class_list":["post-48889","post","type-post","status-publish","format-standard","has-post-thumbnail","","category-cinta-de-noticias","category-arabe-internacional-politica","category-ultimas-noticias"],"_links":{"self":[{"href":"https:\/\/archive.sana.sy\/es\/index.php?rest_route=\/wp\/v2\/posts\/48889"}],"collection":[{"href":"https:\/\/archive.sana.sy\/es\/index.php?rest_route=\/wp\/v2\/posts"}],"about":[{"href":"https:\/\/archive.sana.sy\/es\/index.php?rest_route=\/wp\/v2\/types\/post"}],"author":[{"embeddable":true,"href":"https:\/\/archive.sana.sy\/es\/index.php?rest_route=\/wp\/v2\/users\/1"}],"replies":[{"embeddable":true,"href":"https:\/\/archive.sana.sy\/es\/index.php?rest_route=%2Fwp%2Fv2%2Fcomments&post=48889"}],"version-history":[{"count":0,"href":"https:\/\/archive.sana.sy\/es\/index.php?rest_route=\/wp\/v2\/posts\/48889\/revisions"}],"wp:featuredmedia":[{"embeddable":true,"href":"https:\/\/archive.sana.sy\/es\/index.php?rest_route=\/wp\/v2\/media\/48890"}],"wp:attachment":[{"href":"https:\/\/archive.sana.sy\/es\/index.php?rest_route=%2Fwp%2Fv2%2Fmedia&parent=48889"}],"wp:term":[{"taxonomy":"category","embeddable":true,"href":"https:\/\/archive.sana.sy\/es\/index.php?rest_route=%2Fwp%2Fv2%2Fcategories&post=48889"},{"taxonomy":"post_tag","embeddable":true,"href":"https:\/\/archive.sana.sy\/es\/index.php?rest_route=%2Fwp%2Fv2%2Ftags&post=48889"}],"curies":[{"name":"wp","href":"https:\/\/api.w.org\/{rel}","templated":true}]}}