{"id":48896,"date":"2016-08-08T12:58:29","date_gmt":"2016-08-08T09:58:29","guid":{"rendered":"http:\/\/www.sana.sy\/es\/?p=48896"},"modified":"2016-08-08T12:58:29","modified_gmt":"2016-08-08T09:58:29","slug":"boroujerdi-los-grupos-terroristas-se-han-convertido-en-grave-problema-para-el-mundo-entero","status":"publish","type":"post","link":"https:\/\/archive.sana.sy\/es\/?p=48896","title":{"rendered":"Boroujerdi: los grupos terroristas se han convertido en grave problema para el mundo entero"},"content":{"rendered":"<div style=\"text-align: justify\"><span style=\"color: #800000\"><b><span lang=\"ES-TRAD\">Teher\u00e1n, SANA<\/span><\/b><\/span><\/div>\n<div style=\"text-align: justify\"><\/div>\n<div style=\"text-align: justify\"><span lang=\"ES-TRAD\">El presidente de la Comisi\u00f3n de Pol\u00edtica Exterior y Seguridad Nacional en el Consejo de la Shura iran\u00ed, Alaeddin Boroujerdi, afirm\u00f3 que los grupos terroristas se han convertido en un serio problema para todos los pa\u00edses de la regi\u00f3n y el mundo.<\/span><\/div>\n<div style=\"text-align: justify\"><\/div>\n<div style=\"text-align: justify\"><span lang=\"ES-TRAD\">Durante una reuni\u00f3n con el embajador turco en Teher\u00e1n, Reza Hakan Tekin, Boroujerdi dijo que &#8220;enfrentar a este dilema requiere la colaboraci\u00f3n entre los pa\u00edses influyentes en la regi\u00f3n, sobre todo Siria, Ir\u00e1n y Turqu\u00eda&#8221;.<\/span><\/div>\n<div style=\"text-align: justify\"><\/div>\n<div style=\"text-align: justify\"><span lang=\"ES-TRAD\">Asimismo, hizo hincapi\u00e9 en la necesidad de que los pa\u00edses presten atenci\u00f3n a su seguridad interior y pensar en la soluci\u00f3n de sus problemas exteriores y de seguridad en cooperaci\u00f3n entre s\u00ed.<\/span><\/div>\n<div style=\"text-align: justify\"><\/div>\n<div style=\"text-align: justify\"><span style=\"color: #0000ff\">Fady M., Hala B.<\/span><\/div>\n","protected":false},"excerpt":{"rendered":"<p>Teher\u00e1n, SANA El presidente de la Comisi\u00f3n de Pol\u00edtica Exterior y Seguridad Nacional en el Consejo de la Shura iran\u00ed, Alaeddin Boroujerdi, afirm\u00f3 que los grupos terroristas se han convertido en un serio problema para todos los pa\u00edses de la regi\u00f3n y el mundo. Durante una reuni\u00f3n con el embajador turco en Teher\u00e1n, Reza Hakan &hellip;<\/p>\n","protected":false},"author":1,"featured_media":48897,"comment_status":"closed","ping_status":"closed","sticky":false,"template":"","format":"standard","meta":{"footnotes":""},"categories":[597,457,576,7541],"tags":[8979],"class_list":["post-48896","post","type-post","status-publish","format-standard","has-post-thumbnail","","category-cinta-de-noticias","category-noticias-arabe-internacional-politica","category-noticias-politicas","category-ultimas-noticias","tag-boroujerdi-los-grupos-terroristas-se-han-convertido-en-grave-problema-para-el-mundo-entero"],"_links":{"self":[{"href":"https:\/\/archive.sana.sy\/es\/index.php?rest_route=\/wp\/v2\/posts\/48896"}],"collection":[{"href":"https:\/\/archive.sana.sy\/es\/index.php?rest_route=\/wp\/v2\/posts"}],"about":[{"href":"https:\/\/archive.sana.sy\/es\/index.php?rest_route=\/wp\/v2\/types\/post"}],"author":[{"embeddable":true,"href":"https:\/\/archive.sana.sy\/es\/index.php?rest_route=\/wp\/v2\/users\/1"}],"replies":[{"embeddable":true,"href":"https:\/\/archive.sana.sy\/es\/index.php?rest_route=%2Fwp%2Fv2%2Fcomments&post=48896"}],"version-history":[{"count":0,"href":"https:\/\/archive.sana.sy\/es\/index.php?rest_route=\/wp\/v2\/posts\/48896\/revisions"}],"wp:featuredmedia":[{"embeddable":true,"href":"https:\/\/archive.sana.sy\/es\/index.php?rest_route=\/wp\/v2\/media\/48897"}],"wp:attachment":[{"href":"https:\/\/archive.sana.sy\/es\/index.php?rest_route=%2Fwp%2Fv2%2Fmedia&parent=48896"}],"wp:term":[{"taxonomy":"category","embeddable":true,"href":"https:\/\/archive.sana.sy\/es\/index.php?rest_route=%2Fwp%2Fv2%2Fcategories&post=48896"},{"taxonomy":"post_tag","embeddable":true,"href":"https:\/\/archive.sana.sy\/es\/index.php?rest_route=%2Fwp%2Fv2%2Ftags&post=48896"}],"curies":[{"name":"wp","href":"https:\/\/api.w.org\/{rel}","templated":true}]}}