{"id":48899,"date":"2016-08-08T12:59:58","date_gmt":"2016-08-08T09:59:58","guid":{"rendered":"http:\/\/www.sana.sy\/es\/?p=48899"},"modified":"2016-08-08T12:59:58","modified_gmt":"2016-08-08T09:59:58","slug":"abdolahian-arabia-saudi-esta-detras-del-fracaso-de-las-negociaciones-de-paz-yemenies-en-kuwait","status":"publish","type":"post","link":"https:\/\/archive.sana.sy\/es\/?p=48899","title":{"rendered":"Abdolahian: Arabia Saud\u00ed est\u00e1 detr\u00e1s del fracaso de las negociaciones de paz yemen\u00edes en Kuwait"},"content":{"rendered":"<div style=\"text-align: justify\"><span style=\"color: #800000\"><b><span lang=\"ES-TRAD\">Teher\u00e1n, SANA<\/span><\/b><\/span><\/div>\n<div style=\"text-align: justify\"><\/div>\n<div style=\"text-align: justify\"><span lang=\"ES-TRAD\">El director general para Asuntos Internacionales de la Asamblea Consultiva Isl\u00e1mica de Ir\u00e1n, Husein Amir Abdolahian, acus\u00f3 a Arabia Saud\u00ed de ser la raz\u00f3n del fracaso de las negociaciones de paz de Yemen en Kuwait y la matanza de los yemen\u00edes.<\/span><\/div>\n<div style=\"text-align: justify\"><\/div>\n<div style=\"text-align: justify\"><span lang=\"ES-TRAD\">En declaraciones hechas la noche del domingo y citadas por la televisi\u00f3n iran\u00ed (Hipan TV), al alto funcionario iran\u00ed dijo que \u201cArabia Saud\u00ed intent\u00f3 crear un Yemen sin Gobierno, al provocar la dimisi\u00f3n del presidente Abdu Rbu Mansur Hadi y sigue cometiendo errores al ejercer una pol\u00edtica para suscitar la guerra civil en su vecino sure\u00f1o\u201d.<\/span><\/div>\n<div style=\"text-align: justify\"><\/div>\n<div style=\"text-align: justify\"><span lang=\"ES-TRAD\">Record\u00f3 las advertencias que lanz\u00f3 en sus encuentros con el ministro saud\u00ed de Asuntos Exteriores,\u00a0 Adel al-Yubeir, acerca de la inestabilidad generada por Riad en el Oriente Medio, como consecuencia de sus errores estrat\u00e9gicos en su agresi\u00f3n a Yemen.<\/span><\/div>\n<div style=\"text-align: justify\"><\/div>\n<div style=\"text-align: justify\"><span lang=\"ES-TRAD\">Asimismo, alert\u00f3 de la esterilidad de los m\u00e9todos militares y de seguridad planteados por Arabia Saud\u00ed, los cuales \u201cha hundido a este pa\u00eds en un pantano del que nunca podr\u00e1 salir\u201d.<\/span><\/div>\n<div style=\"text-align: justify\"><\/div>\n<div style=\"text-align: justify\"><span lang=\"ES-TRAD\">Por otro lado, Abdolahian subray\u00f3 que \u201clos problemas actuales de Yemen solo se solventan a trav\u00e9s de las estrategias pol\u00edticas\u201d.<\/span><\/div>\n<div style=\"text-align: justify\"><\/div>\n<div style=\"text-align: justify\"><span style=\"color: #0000ff\">Fady M., Hala B.<\/span><\/div>\n","protected":false},"excerpt":{"rendered":"<p>Teher\u00e1n, SANA El director general para Asuntos Internacionales de la Asamblea Consultiva Isl\u00e1mica de Ir\u00e1n, Husein Amir Abdolahian, acus\u00f3 a Arabia Saud\u00ed de ser la raz\u00f3n del fracaso de las negociaciones de paz de Yemen en Kuwait y la matanza de los yemen\u00edes. En declaraciones hechas la noche del domingo y citadas por la televisi\u00f3n &hellip;<\/p>\n","protected":false},"author":1,"featured_media":48900,"comment_status":"closed","ping_status":"closed","sticky":false,"template":"","format":"standard","meta":{"footnotes":""},"categories":[597,456,457,576],"tags":[8980],"class_list":["post-48899","post","type-post","status-publish","format-standard","has-post-thumbnail","","category-cinta-de-noticias","category-arabe-internacional-politica","category-noticias-arabe-internacional-politica","category-noticias-politicas","tag-abdolahian-arabia-saudi-esta-detras-del-fracaso-de-las-negociaciones-de-paz-yemenies-en-kuwait"],"_links":{"self":[{"href":"https:\/\/archive.sana.sy\/es\/index.php?rest_route=\/wp\/v2\/posts\/48899"}],"collection":[{"href":"https:\/\/archive.sana.sy\/es\/index.php?rest_route=\/wp\/v2\/posts"}],"about":[{"href":"https:\/\/archive.sana.sy\/es\/index.php?rest_route=\/wp\/v2\/types\/post"}],"author":[{"embeddable":true,"href":"https:\/\/archive.sana.sy\/es\/index.php?rest_route=\/wp\/v2\/users\/1"}],"replies":[{"embeddable":true,"href":"https:\/\/archive.sana.sy\/es\/index.php?rest_route=%2Fwp%2Fv2%2Fcomments&post=48899"}],"version-history":[{"count":0,"href":"https:\/\/archive.sana.sy\/es\/index.php?rest_route=\/wp\/v2\/posts\/48899\/revisions"}],"wp:featuredmedia":[{"embeddable":true,"href":"https:\/\/archive.sana.sy\/es\/index.php?rest_route=\/wp\/v2\/media\/48900"}],"wp:attachment":[{"href":"https:\/\/archive.sana.sy\/es\/index.php?rest_route=%2Fwp%2Fv2%2Fmedia&parent=48899"}],"wp:term":[{"taxonomy":"category","embeddable":true,"href":"https:\/\/archive.sana.sy\/es\/index.php?rest_route=%2Fwp%2Fv2%2Fcategories&post=48899"},{"taxonomy":"post_tag","embeddable":true,"href":"https:\/\/archive.sana.sy\/es\/index.php?rest_route=%2Fwp%2Fv2%2Ftags&post=48899"}],"curies":[{"name":"wp","href":"https:\/\/api.w.org\/{rel}","templated":true}]}}