{"id":4900,"date":"2014-07-16T16:48:25","date_gmt":"2014-07-16T13:48:25","guid":{"rendered":"\/es\/?p=4900"},"modified":"2014-07-16T16:48:25","modified_gmt":"2014-07-16T13:48:25","slug":"jaafari-algunos-paises-han-empezado-a-reconsiderar-sus-posturas-y-buscan-reabrir-canales-de-contacto-diplomatico-con-siria","status":"publish","type":"post","link":"https:\/\/archive.sana.sy\/es\/?p=4900","title":{"rendered":"Jaafari: algunos pa\u00edses han empezado a reconsiderar sus posturas y buscan reabrir canales de contacto diplom\u00e1tico con Siria"},"content":{"rendered":"<p>Bierut, SANA<\/p>\n<p>El embajador permanente de Siria ante la ONU, Bashar Jaafari afirm\u00f3 que algunos pa\u00edses empezaron a reconsiderar sus posturas respecto a la situaci\u00f3n en Siria y buscan ahora reabrir canales de contacto diplom\u00e1tico y de cooperaci\u00f3n en materia de la seguridad, especialmente despu\u00e9s del crecimiento del fen\u00f3meno de\u201d los combatientes terroristas extranjeros que combaten en Siria\u201d.<\/p>\n<p>En una entrevista al diario liban\u00e9s \u201cal-Binaa\u201d, Jaafari fustig\u00f3 que la ONU y su secretario general tildaron en varias ocasiones como \u201coposici\u00f3n siria armada\u201d a organismos vinculados con al-Qaeda e insertadas en las listas de la ONU de las organizaciones terroristas como el \u201cEstado Isl\u00e1mico de Irak y el Levante\u201d y el \u201cFrente de al-Nousra\u201d.<\/p>\n<p>Asimismo, a\u00f1adi\u00f3 que la crisis siria prob\u00f3 que esta organizaci\u00f3n internacional trabaja solamente para conservar los intereses de pocos Estados influyentes y que la dominan.<\/p>\n<p>\u201cNosotros no contamos con el papel de la ONU en poner fin a la crisis siria\u201d, acot\u00f3, haciendo hincapi\u00e9 en que Siria sigue apoyando el di\u00e1logo nacional y el proceso de la reconciliaci\u00f3n nacional, partiendo de su convicci\u00f3n de que estos mismos son la \u00fanica v\u00eda para resolver la crisis siria.<br \/>\n<span style=\"color: #888888\"><br \/>\n<\/span><\/p>\n<p>&nbsp;<\/p>\n<p>Lynn A., Fady M.<\/p>\n","protected":false},"excerpt":{"rendered":"<p>Bierut, SANA El embajador permanente de Siria ante la ONU, Bashar Jaafari afirm\u00f3 que algunos pa\u00edses empezaron a reconsiderar sus posturas respecto a la situaci\u00f3n en Siria y buscan ahora reabrir canales de contacto diplom\u00e1tico y de cooperaci\u00f3n en materia de la seguridad, especialmente despu\u00e9s del crecimiento del fen\u00f3meno de\u201d los combatientes terroristas extranjeros que &hellip;<\/p>\n","protected":false},"author":24,"featured_media":4899,"comment_status":"closed","ping_status":"closed","sticky":false,"template":"","format":"standard","meta":{"footnotes":""},"categories":[555,597,576],"tags":[1127],"class_list":["post-4900","post","type-post","status-publish","format-standard","has-post-thumbnail","","category-prensa","category-cinta-de-noticias","category-noticias-politicas","tag-jaafari-algunos-paises-han-empezado-a-reconsiderar-sus-posturas-y-buscan-reabrir-canales-de-contacto-diplomatico-con-siria"],"_links":{"self":[{"href":"https:\/\/archive.sana.sy\/es\/index.php?rest_route=\/wp\/v2\/posts\/4900"}],"collection":[{"href":"https:\/\/archive.sana.sy\/es\/index.php?rest_route=\/wp\/v2\/posts"}],"about":[{"href":"https:\/\/archive.sana.sy\/es\/index.php?rest_route=\/wp\/v2\/types\/post"}],"author":[{"embeddable":true,"href":"https:\/\/archive.sana.sy\/es\/index.php?rest_route=\/wp\/v2\/users\/24"}],"replies":[{"embeddable":true,"href":"https:\/\/archive.sana.sy\/es\/index.php?rest_route=%2Fwp%2Fv2%2Fcomments&post=4900"}],"version-history":[{"count":0,"href":"https:\/\/archive.sana.sy\/es\/index.php?rest_route=\/wp\/v2\/posts\/4900\/revisions"}],"wp:featuredmedia":[{"embeddable":true,"href":"https:\/\/archive.sana.sy\/es\/index.php?rest_route=\/wp\/v2\/media\/4899"}],"wp:attachment":[{"href":"https:\/\/archive.sana.sy\/es\/index.php?rest_route=%2Fwp%2Fv2%2Fmedia&parent=4900"}],"wp:term":[{"taxonomy":"category","embeddable":true,"href":"https:\/\/archive.sana.sy\/es\/index.php?rest_route=%2Fwp%2Fv2%2Fcategories&post=4900"},{"taxonomy":"post_tag","embeddable":true,"href":"https:\/\/archive.sana.sy\/es\/index.php?rest_route=%2Fwp%2Fv2%2Ftags&post=4900"}],"curies":[{"name":"wp","href":"https:\/\/api.w.org\/{rel}","templated":true}]}}