{"id":49090,"date":"2016-08-10T12:46:07","date_gmt":"2016-08-10T09:46:07","guid":{"rendered":"http:\/\/www.sana.sy\/es\/?p=49090"},"modified":"2016-08-10T12:46:07","modified_gmt":"2016-08-10T09:46:07","slug":"primer-ministro-destaca-rol-del-clero-en-inmunizar-la-sociedad-cultural-e-ideologicamente","status":"publish","type":"post","link":"https:\/\/archive.sana.sy\/es\/?p=49090","title":{"rendered":"Primer Ministro destaca rol del clero en inmunizar la sociedad cultural e ideol\u00f3gicamente"},"content":{"rendered":"<p style=\"text-align: justify\"><span style=\"color: #800000\">Damasco, SANA<\/span><\/p>\n<p style=\"text-align: justify\">El primer ministro, Imad Khamis se reuni\u00f3 este mi\u00e9rcoles con el Patriarca de Antioqu\u00eda y todo Oriente para Melquitas Cat\u00f3licos, Gregorio III Laham.<\/p>\n<p style=\"text-align: justify\">Durante el encuentro, Khamis apreci\u00f3 las dignas posturas patri\u00f3ticas de los cl\u00e9rigos cristianos y musulmanes en fortificar la sociedad intelectual, cultural e ideol\u00f3gicamente contra la ideolog\u00eda terrorista y extremista, y estim\u00f3 su contribuci\u00f3n en la promoci\u00f3n de los valores de la tolerancia y la reconciliaci\u00f3n.<\/p>\n<p style=\"text-align: justify\">Asimismo, hizo alusi\u00f3n al papel del clero en hacer conocer la realidad del terrorismo que est\u00e1 enfrentando el pueblo sirio.<\/p>\n<p style=\"text-align: justify\">Por su parte, el patriarca Laham confi\u00f3 en que &#8220;Siria seguir\u00e1 siendo un ejemplo de la fraternidad religiosa, de la tolerancia y de la convivencia&#8221;.<\/p>\n<p style=\"text-align: justify\">Agreg\u00f3 que Siria vencer\u00e1 y derrotar\u00e1 a sus enemigos gracias a la firmeza del pueblo y del ej\u00e9rcito de Siria, y el coraje del presidente Bashar al Assad.&#8221;<\/p>\n<p style=\"text-align: justify\"><span style=\"color: #0000ff\">Fady M., Hala B.<\/span><\/p>\n","protected":false},"excerpt":{"rendered":"<p>Damasco, SANA El primer ministro, Imad Khamis se reuni\u00f3 este mi\u00e9rcoles con el Patriarca de Antioqu\u00eda y todo Oriente para Melquitas Cat\u00f3licos, Gregorio III Laham. Durante el encuentro, Khamis apreci\u00f3 las dignas posturas patri\u00f3ticas de los cl\u00e9rigos cristianos y musulmanes en fortificar la sociedad intelectual, cultural e ideol\u00f3gicamente contra la ideolog\u00eda terrorista y extremista, y &hellip;<\/p>\n","protected":false},"author":1,"featured_media":49091,"comment_status":"closed","ping_status":"closed","sticky":false,"template":"","format":"standard","meta":{"footnotes":""},"categories":[477,476,7541],"tags":[9012],"class_list":["post-49090","post","type-post","status-publish","format-standard","has-post-thumbnail","","category-noticias-edulcorantes","category-locales","category-ultimas-noticias","tag-primer-ministro-destaca-rol-del-clero-en-inmunizar-la-sociedad-cultural-e-ideologicamente"],"_links":{"self":[{"href":"https:\/\/archive.sana.sy\/es\/index.php?rest_route=\/wp\/v2\/posts\/49090"}],"collection":[{"href":"https:\/\/archive.sana.sy\/es\/index.php?rest_route=\/wp\/v2\/posts"}],"about":[{"href":"https:\/\/archive.sana.sy\/es\/index.php?rest_route=\/wp\/v2\/types\/post"}],"author":[{"embeddable":true,"href":"https:\/\/archive.sana.sy\/es\/index.php?rest_route=\/wp\/v2\/users\/1"}],"replies":[{"embeddable":true,"href":"https:\/\/archive.sana.sy\/es\/index.php?rest_route=%2Fwp%2Fv2%2Fcomments&post=49090"}],"version-history":[{"count":0,"href":"https:\/\/archive.sana.sy\/es\/index.php?rest_route=\/wp\/v2\/posts\/49090\/revisions"}],"wp:featuredmedia":[{"embeddable":true,"href":"https:\/\/archive.sana.sy\/es\/index.php?rest_route=\/wp\/v2\/media\/49091"}],"wp:attachment":[{"href":"https:\/\/archive.sana.sy\/es\/index.php?rest_route=%2Fwp%2Fv2%2Fmedia&parent=49090"}],"wp:term":[{"taxonomy":"category","embeddable":true,"href":"https:\/\/archive.sana.sy\/es\/index.php?rest_route=%2Fwp%2Fv2%2Fcategories&post=49090"},{"taxonomy":"post_tag","embeddable":true,"href":"https:\/\/archive.sana.sy\/es\/index.php?rest_route=%2Fwp%2Fv2%2Ftags&post=49090"}],"curies":[{"name":"wp","href":"https:\/\/api.w.org\/{rel}","templated":true}]}}