{"id":49338,"date":"2016-08-13T15:54:42","date_gmt":"2016-08-13T12:54:42","guid":{"rendered":"http:\/\/www.sana.sy\/es\/?p=49338"},"modified":"2016-08-13T18:05:40","modified_gmt":"2016-08-13T15:05:40","slug":"primer-ministro-se-reune-con-prominentes-figuras-de-la-provincia-de-damsco-campo","status":"publish","type":"post","link":"https:\/\/archive.sana.sy\/es\/?p=49338","title":{"rendered":"Primer ministro se re\u00fane con prominentes figuras de la provincia de Damsco-campo"},"content":{"rendered":"<p><span style=\"color: #800000\">Damasco, SANA<\/span><\/p>\n<p>El primer ministro, Imad Khamis, recibi\u00f3 este s\u00e1bado, una delegaci\u00f3n de figuras prominentes, religiosas y miembros de la Asamblea del Pueblo que representan a\u00a0diferentes \u00e1reas de la provincia de Damasco-campo (Yaramana, Katana, el monte de Sheikh, Sahnaya, Ashrafiyat Shanaya y Deir Ali).<\/p>\n<p>Durante el encuentro, Khamis destac\u00f3 la necesidad de reforzar la coordinaci\u00f3n entre el gobierno y los actores civiles para mejorar la situaci\u00f3n econ\u00f3mica, social y de servicios en todas las \u00e1reas del pa\u00eds.<\/p>\n<p>Asimismo aludi\u00f3 a la labor constante del gobierno en materia de rehabilitar la infraestructura da\u00f1ada a consecuencia de la guerra librada contra Siria, y de responder a las necesidades b\u00e1sicas de la poblaci\u00f3n, subrayando el papel de las personalidades religiosas y civiles en \u201cfortificar la sociedad ante\u00a0los pensamientos destructivos\u201d.<\/p>\n<p>A su vez, los miembros de la delegaci\u00f3n aseveraron\u00a0que seguir\u00e1n trabajando codo a codo con el gobierno para fortalecer la resistencia de los sirios, indicando a la importancia de las visitas &#8220;in situ&#8221; de los funcionarios para examinar de cerca la situaci\u00f3n\u00a0de los ciudadanos y estar al tanto de sus necesidades.<br \/>\nLynn A.<\/p>\n","protected":false},"excerpt":{"rendered":"<p>Damasco, SANA El primer ministro, Imad Khamis, recibi\u00f3 este s\u00e1bado, una delegaci\u00f3n de figuras prominentes, religiosas y miembros de la Asamblea del Pueblo que representan a\u00a0diferentes \u00e1reas de la provincia de Damasco-campo (Yaramana, Katana, el monte de Sheikh, Sahnaya, Ashrafiyat Shanaya y Deir Ali). Durante el encuentro, Khamis destac\u00f3 la necesidad de reforzar la coordinaci\u00f3n &hellip;<\/p>\n","protected":false},"author":24,"featured_media":49339,"comment_status":"closed","ping_status":"closed","sticky":false,"template":"","format":"standard","meta":{"footnotes":""},"categories":[477,476,7541],"tags":[],"class_list":["post-49338","post","type-post","status-publish","format-standard","has-post-thumbnail","","category-noticias-edulcorantes","category-locales","category-ultimas-noticias"],"_links":{"self":[{"href":"https:\/\/archive.sana.sy\/es\/index.php?rest_route=\/wp\/v2\/posts\/49338"}],"collection":[{"href":"https:\/\/archive.sana.sy\/es\/index.php?rest_route=\/wp\/v2\/posts"}],"about":[{"href":"https:\/\/archive.sana.sy\/es\/index.php?rest_route=\/wp\/v2\/types\/post"}],"author":[{"embeddable":true,"href":"https:\/\/archive.sana.sy\/es\/index.php?rest_route=\/wp\/v2\/users\/24"}],"replies":[{"embeddable":true,"href":"https:\/\/archive.sana.sy\/es\/index.php?rest_route=%2Fwp%2Fv2%2Fcomments&post=49338"}],"version-history":[{"count":0,"href":"https:\/\/archive.sana.sy\/es\/index.php?rest_route=\/wp\/v2\/posts\/49338\/revisions"}],"wp:featuredmedia":[{"embeddable":true,"href":"https:\/\/archive.sana.sy\/es\/index.php?rest_route=\/wp\/v2\/media\/49339"}],"wp:attachment":[{"href":"https:\/\/archive.sana.sy\/es\/index.php?rest_route=%2Fwp%2Fv2%2Fmedia&parent=49338"}],"wp:term":[{"taxonomy":"category","embeddable":true,"href":"https:\/\/archive.sana.sy\/es\/index.php?rest_route=%2Fwp%2Fv2%2Fcategories&post=49338"},{"taxonomy":"post_tag","embeddable":true,"href":"https:\/\/archive.sana.sy\/es\/index.php?rest_route=%2Fwp%2Fv2%2Ftags&post=49338"}],"curies":[{"name":"wp","href":"https:\/\/api.w.org\/{rel}","templated":true}]}}