{"id":49342,"date":"2016-08-13T17:50:44","date_gmt":"2016-08-13T14:50:44","guid":{"rendered":"http:\/\/www.sana.sy\/es\/?p=49342"},"modified":"2016-08-13T18:04:20","modified_gmt":"2016-08-13T15:04:20","slug":"ingresan-ayuda-humanitaria-en-la-ciudad-de-sanamein-en-el-campo-norte-de-deraa","status":"publish","type":"post","link":"https:\/\/archive.sana.sy\/es\/?p=49342","title":{"rendered":"Ingresan ayuda humanitaria en la ciudad de Sanamein en el campo norte de Deraa"},"content":{"rendered":"<p><span style=\"color: #800000\">Deraa, SANA<\/span><\/p>\n<p>El Comit\u00e9 Internacional de la Cruz Roja (CICR) distribuy\u00f3 en cooperaci\u00f3n con la Media Luna Roja (MLR) y el Subcomit\u00e9 para Asuntos de Auxilio, productos alimentarios y medicamentos a los habitantes de la ciudad de Sanamein en el campo norte\u00f1o de la provincia de Deraa.<\/p>\n<p>Seg\u00fan Awad Sueidan, funcionario en la gobernaci\u00f3n sure\u00f1a, la distribuci\u00f3n de la asistencia humanitaria va en el marco del plan de respuesta ideado por el Comit\u00e9 Superior para Asuntos de Auxilio, aclarando que dicho plan consiste en repartir ayudas a 10 zonas en la provincia.<\/p>\n<p>A su vez, el jefe del sucursal de la MLR en Deraa, Ahmad al- Masalma se\u00f1al\u00f3 que las ayudas humanitarias incluyen 5 mil canastas alimentarias, 3 mil canastas sanitarias, 250 unidades de hemodi\u00e1lisis, adem\u00e1s de medicamentos, material de atenci\u00f3n primaria, y sustancias y equipos relacionados con el agua potable.<\/p>\n<p>Es de se\u00f1alar que el 30 del pasado mes de julio, un convoy que contaba con\u00a044 camiones cargados de material m\u00e9dico y de auxilio, fue ingresado en Nawa, ciudad ubicada en el noroeste de Deraa, que\u00a0lleva\u00a0casi dos a\u00f1os sufriendo del cerco de los terroristas.<\/p>\n<div id='gallery-1' class='gallery galleryid-49342 gallery-columns-3 gallery-size-thumbnail'><figure class='gallery-item'>\n\t\t\t<div class='gallery-icon landscape'>\n\t\t\t\t<a href='https:\/\/archive.sana.sy\/es\/wp-content\/uploads\/2016\/08\/ayudas-humanitarias-en-la-ciudad-de-Sanamein-en-Deraa.jpg'><img loading=\"lazy\" decoding=\"async\" width=\"150\" height=\"76\" src=\"https:\/\/archive.sana.sy\/es\/wp-content\/uploads\/2016\/08\/ayudas-humanitarias-en-la-ciudad-de-Sanamein-en-Deraa-150x76.jpg\" class=\"attachment-thumbnail size-thumbnail\" alt=\"\" srcset=\"https:\/\/archive.sana.sy\/es\/wp-content\/uploads\/2016\/08\/ayudas-humanitarias-en-la-ciudad-de-Sanamein-en-Deraa-150x76.jpg 150w, https:\/\/archive.sana.sy\/es\/wp-content\/uploads\/2016\/08\/ayudas-humanitarias-en-la-ciudad-de-Sanamein-en-Deraa-300x152.jpg 300w, https:\/\/archive.sana.sy\/es\/wp-content\/uploads\/2016\/08\/ayudas-humanitarias-en-la-ciudad-de-Sanamein-en-Deraa-768x390.jpg 768w, https:\/\/archive.sana.sy\/es\/wp-content\/uploads\/2016\/08\/ayudas-humanitarias-en-la-ciudad-de-Sanamein-en-Deraa-1024x520.jpg 1024w, https:\/\/archive.sana.sy\/es\/wp-content\/uploads\/2016\/08\/ayudas-humanitarias-en-la-ciudad-de-Sanamein-en-Deraa-660x330.jpg 660w, https:\/\/archive.sana.sy\/es\/wp-content\/uploads\/2016\/08\/ayudas-humanitarias-en-la-ciudad-de-Sanamein-en-Deraa-1050x525.jpg 1050w\" sizes=\"(max-width: 150px) 100vw, 150px\" \/><\/a>\n\t\t\t<\/div><\/figure><figure class='gallery-item'>\n\t\t\t<div class='gallery-icon landscape'>\n\t\t\t\t<a href='https:\/\/archive.sana.sy\/es\/wp-content\/uploads\/2016\/08\/ayudas-humanitarias-en-la-ciudad-de-Sanamein-en-Deraa-1.jpg'><img loading=\"lazy\" decoding=\"async\" width=\"150\" height=\"87\" src=\"https:\/\/archive.sana.sy\/es\/wp-content\/uploads\/2016\/08\/ayudas-humanitarias-en-la-ciudad-de-Sanamein-en-Deraa-1-150x87.jpg\" class=\"attachment-thumbnail size-thumbnail\" alt=\"\" srcset=\"https:\/\/archive.sana.sy\/es\/wp-content\/uploads\/2016\/08\/ayudas-humanitarias-en-la-ciudad-de-Sanamein-en-Deraa-1-150x87.jpg 150w, https:\/\/archive.sana.sy\/es\/wp-content\/uploads\/2016\/08\/ayudas-humanitarias-en-la-ciudad-de-Sanamein-en-Deraa-1-300x174.jpg 300w, https:\/\/archive.sana.sy\/es\/wp-content\/uploads\/2016\/08\/ayudas-humanitarias-en-la-ciudad-de-Sanamein-en-Deraa-1-768x446.jpg 768w, https:\/\/archive.sana.sy\/es\/wp-content\/uploads\/2016\/08\/ayudas-humanitarias-en-la-ciudad-de-Sanamein-en-Deraa-1-1024x595.jpg 1024w\" sizes=\"(max-width: 150px) 100vw, 150px\" \/><\/a>\n\t\t\t<\/div><\/figure><figure class='gallery-item'>\n\t\t\t<div class='gallery-icon landscape'>\n\t\t\t\t<a href='https:\/\/archive.sana.sy\/es\/wp-content\/uploads\/2016\/08\/ayudas-humanitarias-en-la-ciudad-de-Sanamein-en-Deraa-2.jpg'><img loading=\"lazy\" decoding=\"async\" width=\"150\" height=\"87\" src=\"https:\/\/archive.sana.sy\/es\/wp-content\/uploads\/2016\/08\/ayudas-humanitarias-en-la-ciudad-de-Sanamein-en-Deraa-2-150x87.jpg\" class=\"attachment-thumbnail size-thumbnail\" alt=\"\" srcset=\"https:\/\/archive.sana.sy\/es\/wp-content\/uploads\/2016\/08\/ayudas-humanitarias-en-la-ciudad-de-Sanamein-en-Deraa-2-150x87.jpg 150w, https:\/\/archive.sana.sy\/es\/wp-content\/uploads\/2016\/08\/ayudas-humanitarias-en-la-ciudad-de-Sanamein-en-Deraa-2-300x173.jpg 300w, https:\/\/archive.sana.sy\/es\/wp-content\/uploads\/2016\/08\/ayudas-humanitarias-en-la-ciudad-de-Sanamein-en-Deraa-2-768x444.jpg 768w, https:\/\/archive.sana.sy\/es\/wp-content\/uploads\/2016\/08\/ayudas-humanitarias-en-la-ciudad-de-Sanamein-en-Deraa-2-1024x592.jpg 1024w\" sizes=\"(max-width: 150px) 100vw, 150px\" \/><\/a>\n\t\t\t<\/div><\/figure><figure class='gallery-item'>\n\t\t\t<div class='gallery-icon landscape'>\n\t\t\t\t<a href='https:\/\/archive.sana.sy\/es\/wp-content\/uploads\/2016\/08\/ayudas-humanitarias-en-la-ciudad-de-Sanamein-en-Deraa-3.jpg'><img loading=\"lazy\" decoding=\"async\" width=\"150\" height=\"101\" src=\"https:\/\/archive.sana.sy\/es\/wp-content\/uploads\/2016\/08\/ayudas-humanitarias-en-la-ciudad-de-Sanamein-en-Deraa-3-150x101.jpg\" class=\"attachment-thumbnail size-thumbnail\" alt=\"\" srcset=\"https:\/\/archive.sana.sy\/es\/wp-content\/uploads\/2016\/08\/ayudas-humanitarias-en-la-ciudad-de-Sanamein-en-Deraa-3-150x101.jpg 150w, https:\/\/archive.sana.sy\/es\/wp-content\/uploads\/2016\/08\/ayudas-humanitarias-en-la-ciudad-de-Sanamein-en-Deraa-3-300x203.jpg 300w, https:\/\/archive.sana.sy\/es\/wp-content\/uploads\/2016\/08\/ayudas-humanitarias-en-la-ciudad-de-Sanamein-en-Deraa-3-768x519.jpg 768w, https:\/\/archive.sana.sy\/es\/wp-content\/uploads\/2016\/08\/ayudas-humanitarias-en-la-ciudad-de-Sanamein-en-Deraa-3-1024x692.jpg 1024w, https:\/\/archive.sana.sy\/es\/wp-content\/uploads\/2016\/08\/ayudas-humanitarias-en-la-ciudad-de-Sanamein-en-Deraa-3-110x75.jpg 110w\" sizes=\"(max-width: 150px) 100vw, 150px\" \/><\/a>\n\t\t\t<\/div><\/figure>\n\t\t<\/div>\n\nLynn A.<\/p>\n","protected":false},"excerpt":{"rendered":"<p>Deraa, SANA El Comit\u00e9 Internacional de la Cruz Roja (CICR) distribuy\u00f3 en cooperaci\u00f3n con la Media Luna Roja (MLR) y el Subcomit\u00e9 para Asuntos de Auxilio, productos alimentarios y medicamentos a los habitantes de la ciudad de Sanamein en el campo norte\u00f1o de la provincia de Deraa. Seg\u00fan Awad Sueidan, funcionario en la gobernaci\u00f3n sure\u00f1a, &hellip;<\/p>\n","protected":false},"author":24,"featured_media":49345,"comment_status":"closed","ping_status":"closed","sticky":false,"template":"","format":"standard","meta":{"footnotes":""},"categories":[477,597,476,7541],"tags":[],"class_list":["post-49342","post","type-post","status-publish","format-standard","has-post-thumbnail","","category-noticias-edulcorantes","category-cinta-de-noticias","category-locales","category-ultimas-noticias"],"_links":{"self":[{"href":"https:\/\/archive.sana.sy\/es\/index.php?rest_route=\/wp\/v2\/posts\/49342"}],"collection":[{"href":"https:\/\/archive.sana.sy\/es\/index.php?rest_route=\/wp\/v2\/posts"}],"about":[{"href":"https:\/\/archive.sana.sy\/es\/index.php?rest_route=\/wp\/v2\/types\/post"}],"author":[{"embeddable":true,"href":"https:\/\/archive.sana.sy\/es\/index.php?rest_route=\/wp\/v2\/users\/24"}],"replies":[{"embeddable":true,"href":"https:\/\/archive.sana.sy\/es\/index.php?rest_route=%2Fwp%2Fv2%2Fcomments&post=49342"}],"version-history":[{"count":0,"href":"https:\/\/archive.sana.sy\/es\/index.php?rest_route=\/wp\/v2\/posts\/49342\/revisions"}],"wp:featuredmedia":[{"embeddable":true,"href":"https:\/\/archive.sana.sy\/es\/index.php?rest_route=\/wp\/v2\/media\/49345"}],"wp:attachment":[{"href":"https:\/\/archive.sana.sy\/es\/index.php?rest_route=%2Fwp%2Fv2%2Fmedia&parent=49342"}],"wp:term":[{"taxonomy":"category","embeddable":true,"href":"https:\/\/archive.sana.sy\/es\/index.php?rest_route=%2Fwp%2Fv2%2Fcategories&post=49342"},{"taxonomy":"post_tag","embeddable":true,"href":"https:\/\/archive.sana.sy\/es\/index.php?rest_route=%2Fwp%2Fv2%2Ftags&post=49342"}],"curies":[{"name":"wp","href":"https:\/\/api.w.org\/{rel}","templated":true}]}}