{"id":49427,"date":"2016-08-15T12:47:06","date_gmt":"2016-08-15T09:47:06","guid":{"rendered":"http:\/\/www.sana.sy\/es\/?p=49427"},"modified":"2016-08-15T12:51:04","modified_gmt":"2016-08-15T09:51:04","slug":"lavrov-occidente-evalua-con-doble-rasero-la-situacion-humanitaria-en-siria-y-yemen","status":"publish","type":"post","link":"https:\/\/archive.sana.sy\/es\/?p=49427","title":{"rendered":"Lavrov: Nuestra misi\u00f3n en Siria es impedir el triunfo del terrorismo internacional"},"content":{"rendered":"<div style=\"text-align: justify\">\n<p><span style=\"color: #800000\"><b><span lang=\"ES-TRAD\">Mosc\u00fa, SANA<\/span><\/b><\/span><\/p>\n<p>El ministro de Exteriores de Rusia, Serguei Lavrov, dijo que su pa\u00eds no permitir\u00e1 el triunfo del terrorismo internacional en Siria y que est\u00e1 tratando de iniciar un di\u00e1logo pol\u00edtico entre todas las partes en Siria.<\/p>\n<p>En una conferencia de prensa con su hom\u00f3logo alem\u00e1n, Frank-Walter Steinmeier, en la ciudad rusa de Akatirenburg, Lavrov dijo: &#8220;Hemos discutido la situaci\u00f3n en Siria y vemos que no se debe permitir la presencia de grupos y facciones terroristas, y trabajar para un inicio real de las conversaciones pol\u00edticas entre todas las partes de Siria, de conformidad con las resoluciones del Consejo de Seguridad, y trabajar para dar seguimiento al cese de hostilidades y resolver los problemas humanitarios, especialmente en Alepo&#8221;.<\/p>\n<p>El canciller ruso reafirm\u00f3 la necesidad de separar la oposici\u00f3n moderada de los dos grupos terroristas &#8220;Frente al Nousra&#8221; y el &#8220;Estado Isl\u00e1mico&#8221;, se\u00f1alando que el cambio de nombre del &#8220;Frente al Nousra&#8221; no cambiar\u00eda de su esencia terrorista.<\/p>\n<p>El jefe de la diplomacia rusa expres\u00f3 la esperanza en el establecimiento de una cooperaci\u00f3n internacional m\u00e1s amplia con el fin de mejorar la situaci\u00f3n humanitaria para la poblaci\u00f3n de Alepo, haciendo hincapi\u00e9 en que no se le permitir\u00e1 a los terroristas imponer sus condiciones en la regi\u00f3n.<\/p>\n<p><span style=\"color: #0000ff\">Lavrov: Occidente eval\u00faa con doble rasero la situaci\u00f3n humanitaria en Siria y Yemen<\/span><\/p>\n<p>Por otro lado, el ministro de Exteriores de Rusia dijo que Occidente utiliza un doble rasero en la evaluaci\u00f3n de la situaci\u00f3n humanitaria en Siria y Yemen.<\/p>\n<p>Citado por la agencia de noticias Sputnik en un discurso en la Universidad de los Urales en presencia del ministro de Exteriores alem\u00e1n, Frank-Walter Steinmeier, Lavrov dijo: &#8220;los pa\u00edses occidentales recurren a la utilizaci\u00f3n de un doble rasero en la evaluaci\u00f3n de la situaci\u00f3n humanitaria en Siria y Yemen.&#8221;<\/p>\n<p>El canciller ruso subray\u00f3 que la pol\u00edtica de la OTAN basada en el expansionismo a cualquier precio en Europa del Este s\u00f3lo profundiza las divisiones en el continente europeo.<\/p>\n<\/div>\n<div style=\"text-align: justify\"><\/div>\n<div class=\"yj6qo ajU\" style=\"text-align: justify\">\n<div id=\":m2\" class=\"ajR\"><img decoding=\"async\" class=\"ajT\" src=\"https:\/\/ssl.gstatic.com\/ui\/v1\/icons\/mail\/images\/cleardot.gif\" \/><\/div>\n<\/div>\n<div style=\"text-align: justify\"><\/div>\n<div>\n<div style=\"text-align: justify\"><span style=\"font-size: medium\"><b><span style=\"color: #0000bf\">Fady M., Hala B.<\/span><\/b><\/span><\/div>\n<\/div>\n<p>&nbsp;<\/p>\n","protected":false},"excerpt":{"rendered":"<p>Mosc\u00fa, SANA El ministro de Exteriores de Rusia, Serguei Lavrov, dijo que su pa\u00eds no permitir\u00e1 el triunfo del terrorismo internacional en Siria y que est\u00e1 tratando de iniciar un di\u00e1logo pol\u00edtico entre todas las partes en Siria. En una conferencia de prensa con su hom\u00f3logo alem\u00e1n, Frank-Walter Steinmeier, en la ciudad rusa de Akatirenburg, &hellip;<\/p>\n","protected":false},"author":1,"featured_media":49459,"comment_status":"closed","ping_status":"closed","sticky":false,"template":"","format":"standard","meta":{"footnotes":""},"categories":[597,457,576,7541],"tags":[9038],"class_list":["post-49427","post","type-post","status-publish","format-standard","has-post-thumbnail","","category-cinta-de-noticias","category-noticias-arabe-internacional-politica","category-noticias-politicas","category-ultimas-noticias","tag-lavrov-occidente-evalua-con-doble-rasero-la-situacion-humanitaria-en-siria-y-yemen"],"_links":{"self":[{"href":"https:\/\/archive.sana.sy\/es\/index.php?rest_route=\/wp\/v2\/posts\/49427"}],"collection":[{"href":"https:\/\/archive.sana.sy\/es\/index.php?rest_route=\/wp\/v2\/posts"}],"about":[{"href":"https:\/\/archive.sana.sy\/es\/index.php?rest_route=\/wp\/v2\/types\/post"}],"author":[{"embeddable":true,"href":"https:\/\/archive.sana.sy\/es\/index.php?rest_route=\/wp\/v2\/users\/1"}],"replies":[{"embeddable":true,"href":"https:\/\/archive.sana.sy\/es\/index.php?rest_route=%2Fwp%2Fv2%2Fcomments&post=49427"}],"version-history":[{"count":0,"href":"https:\/\/archive.sana.sy\/es\/index.php?rest_route=\/wp\/v2\/posts\/49427\/revisions"}],"wp:featuredmedia":[{"embeddable":true,"href":"https:\/\/archive.sana.sy\/es\/index.php?rest_route=\/wp\/v2\/media\/49459"}],"wp:attachment":[{"href":"https:\/\/archive.sana.sy\/es\/index.php?rest_route=%2Fwp%2Fv2%2Fmedia&parent=49427"}],"wp:term":[{"taxonomy":"category","embeddable":true,"href":"https:\/\/archive.sana.sy\/es\/index.php?rest_route=%2Fwp%2Fv2%2Fcategories&post=49427"},{"taxonomy":"post_tag","embeddable":true,"href":"https:\/\/archive.sana.sy\/es\/index.php?rest_route=%2Fwp%2Fv2%2Ftags&post=49427"}],"curies":[{"name":"wp","href":"https:\/\/api.w.org\/{rel}","templated":true}]}}