{"id":49635,"date":"2016-08-17T13:51:53","date_gmt":"2016-08-17T10:51:53","guid":{"rendered":"http:\/\/www.sana.sy\/es\/?p=49635"},"modified":"2016-08-17T22:07:40","modified_gmt":"2016-08-17T19:07:40","slug":"lavrov-llama-a-unir-los-esfuerzos-de-la-comunidad-internacional-para-combatir-el-terrorismo","status":"publish","type":"post","link":"https:\/\/archive.sana.sy\/es\/?p=49635","title":{"rendered":"Lavrov llama a unir los esfuerzos de la comunidad internacional para combatir el terrorismo"},"content":{"rendered":"<p style=\"text-align: justify\"><span style=\"color: #800000\">Mosc\u00fa, SANA<\/span><\/p>\n<p style=\"text-align: justify\">El Ministro de Exteriores de Rusia, Serguei Lavrov, subray\u00f3 la necesidad de unir los esfuerzos de la comunidad internacional para combatir el terrorismo, que ya es un reto para todo el mundo.<\/p>\n<p style=\"text-align: justify\">La declaraci\u00f3n de Lavrov se produjo durante una conferencia de prensa celebrada en Mosc\u00fa con su contraparte de Nueva Zelanda.<\/p>\n<p style=\"text-align: justify\">El canciller ruso explic\u00f3 que son completamente infundadas e incorrectas las acusaciones contra Rusia de violar la Resoluci\u00f3n No.<\/p>\n<p style=\"text-align: justify\">2231 del Consejo de Seguridad de la ONU tras su uso de la base de Hamedan de Ir\u00e1n para atacar a las posiciones de las organizaciones terroristas en Siria&#8221;.<\/p>\n<p style=\"text-align: justify\">Seg\u00fan el jefe de la diplomacia rusa, &#8220;la principal tarea a cumplir en Siria en estos momentos consiste en el establecimiento de una coordinaci\u00f3n entre Rusia y EEUU. para la soluci\u00f3n del conflicto sirio&#8221;.<\/p>\n<p style=\"text-align: justify\">Seg\u00fan Lavrov, &#8220;esto se debate tanto a nivel de militares como a nivel de servicios secretos y entidades de pol\u00edtica exterior&#8221;.<br \/>\nPrecis\u00f3, que EEUU demostr\u00f3 su incapacidad de separar a la oposici\u00f3n moderada y los terroristas en Siria.<\/p>\n<p style=\"text-align: justify\">Sobre las rutas humanitarias a Alepo, Lavrov dijo que Mosc\u00fa discute con Washington y la ONU la posible creaci\u00f3n de rutas adicionales para suministrar ayuda humanitaria a Alepo.<\/p>\n<p style=\"text-align: justify\">El ministro de Exteriores de Rusia agreg\u00f3 que tambi\u00e9n &#8220;analizamos con EEUU y los representantes de la ONU la posibilidad de asegurar el control, una vez atravesada la frontera turco-siria, en el llamado camino del Castillo que conduce a Alepo y sus alrededores&#8221;.<\/p>\n<p style=\"text-align: justify\">A juicio del canciller ruso, &#8220;ser\u00e1 m\u00e1s f\u00e1cil acordar el cese del fuego entre el Gobierno y los grupos que unieron a los acuerdos correspondientes si hay un control en el camino y si todos nosotros incluido el Gobierno sirio tenemos la seguridad de que la tregua no se usa para engrosar las reservas y las filas de las organizaciones terroristas&#8221;.<\/p>\n<p><span style=\"color: #0000ff\">Fady M., Hala B.<\/span><\/p>\n","protected":false},"excerpt":{"rendered":"<p>Mosc\u00fa, SANA El Ministro de Exteriores de Rusia, Serguei Lavrov, subray\u00f3 la necesidad de unir los esfuerzos de la comunidad internacional para combatir el terrorismo, que ya es un reto para todo el mundo. La declaraci\u00f3n de Lavrov se produjo durante una conferencia de prensa celebrada en Mosc\u00fa con su contraparte de Nueva Zelanda. El &hellip;<\/p>\n","protected":false},"author":1,"featured_media":49636,"comment_status":"closed","ping_status":"closed","sticky":false,"template":"","format":"standard","meta":{"footnotes":""},"categories":[456,457,7541],"tags":[9077],"class_list":["post-49635","post","type-post","status-publish","format-standard","has-post-thumbnail","","category-arabe-internacional-politica","category-noticias-arabe-internacional-politica","category-ultimas-noticias","tag-lavrov-llama-a-unir-los-esfuerzos-de-la-comunidad-internacional-para-combatir-el-terrorismo"],"_links":{"self":[{"href":"https:\/\/archive.sana.sy\/es\/index.php?rest_route=\/wp\/v2\/posts\/49635"}],"collection":[{"href":"https:\/\/archive.sana.sy\/es\/index.php?rest_route=\/wp\/v2\/posts"}],"about":[{"href":"https:\/\/archive.sana.sy\/es\/index.php?rest_route=\/wp\/v2\/types\/post"}],"author":[{"embeddable":true,"href":"https:\/\/archive.sana.sy\/es\/index.php?rest_route=\/wp\/v2\/users\/1"}],"replies":[{"embeddable":true,"href":"https:\/\/archive.sana.sy\/es\/index.php?rest_route=%2Fwp%2Fv2%2Fcomments&post=49635"}],"version-history":[{"count":0,"href":"https:\/\/archive.sana.sy\/es\/index.php?rest_route=\/wp\/v2\/posts\/49635\/revisions"}],"wp:featuredmedia":[{"embeddable":true,"href":"https:\/\/archive.sana.sy\/es\/index.php?rest_route=\/wp\/v2\/media\/49636"}],"wp:attachment":[{"href":"https:\/\/archive.sana.sy\/es\/index.php?rest_route=%2Fwp%2Fv2%2Fmedia&parent=49635"}],"wp:term":[{"taxonomy":"category","embeddable":true,"href":"https:\/\/archive.sana.sy\/es\/index.php?rest_route=%2Fwp%2Fv2%2Fcategories&post=49635"},{"taxonomy":"post_tag","embeddable":true,"href":"https:\/\/archive.sana.sy\/es\/index.php?rest_route=%2Fwp%2Fv2%2Ftags&post=49635"}],"curies":[{"name":"wp","href":"https:\/\/api.w.org\/{rel}","templated":true}]}}