{"id":49781,"date":"2016-08-18T21:38:36","date_gmt":"2016-08-18T18:38:36","guid":{"rendered":"http:\/\/www.sana.sy\/es\/?p=49781"},"modified":"2016-08-18T21:38:36","modified_gmt":"2016-08-18T18:38:36","slug":"siria-celebra-el-dia-mundial-de-la-asistencia-humanitaria","status":"publish","type":"post","link":"https:\/\/archive.sana.sy\/es\/?p=49781","title":{"rendered":"Siria celebra el D\u00eda Mundial de la Asistencia Humanitaria"},"content":{"rendered":"<p>Damasco, SANA<\/p>\n<p>La Media Luna Roja Siria ha celebrado un acto con motivo del D\u00eda Mundial de la Asistencia Humanitaria.<\/p>\n<p>La celebraci\u00f3n, que tuvo lugar en el Sal\u00f3n de Conferencias de la Universidad de Damasco, ha incluido varios espect\u00e1culos teatrales, art\u00edsticos y musicales.<\/p>\n<p>El Jefe de la Organizaci\u00f3n Abdul-Rahman al-Attar, arroj\u00f3 luz sobre los esfuerzos de la organizaci\u00f3n en el \u00e1mbito humanitario, se\u00f1alando que la organizaci\u00f3n ha ofrecido 53 m\u00e1rtires desde el inicio de la crisis en Siria.<\/p>\n<p>Se\u00f1al\u00f3 el apoyo brindado por el gobierno sirio a la y dijo \u00a8si no fuera por el apoyo del gobierno sirio no fuese posible la entrega de ayudas humanitarias a las personas afectadas por el terrorismo\u00a8.<\/p>\n<p>Elogi\u00f3 asimismo, el papel humanitario desempe\u00f1ado por el Representante Residente de la ONU en Siria Yacoub al-Helo, y otros representantes de organizaciones internacionales humanitarias que operan en Siria para brindar asistencia y ayuda a las familias necesitadas en todo el pa\u00eds.<\/p>\n<p>Por su parte, el Representante Residente de la ONU en Siria Yacoub al-Helo hizo hincapi\u00e9 en que la ONU continuar\u00e1 apoyando los esfuerzos humanitarios en Siria, afirmando la determinaci\u00f3n de su organizaci\u00f3n a seguir adelante con este trabajo humanitario, a pesar de todos los desaf\u00edos y riesgos.<\/p>\n<p>Destac\u00f3 el papel del gobierno sirio, La media Luna Rojo Siria y otras organizaciones internacionales en apoyar la labor humanitaria en Siria.<\/p>\n<p>Cabe se\u00f1alar que el 11 de diciembre de 2008, la Asamblea General de las Naciones Unidas (ONU) adopt\u00f3 una resoluci\u00f3n que fija el 19 de agosto como el D\u00eda Mundial de la Asistencia Humanitaria.<\/p>\n<p>Yamil K.<\/p>\n","protected":false},"excerpt":{"rendered":"<p>Damasco, SANA La Media Luna Roja Siria ha celebrado un acto con motivo del D\u00eda Mundial de la Asistencia Humanitaria. La celebraci\u00f3n, que tuvo lugar en el Sal\u00f3n de Conferencias de la Universidad de Damasco, ha incluido varios espect\u00e1culos teatrales, art\u00edsticos y musicales. El Jefe de la Organizaci\u00f3n Abdul-Rahman al-Attar, arroj\u00f3 luz sobre los esfuerzos &hellip;<\/p>\n","protected":false},"author":1,"featured_media":49782,"comment_status":"closed","ping_status":"closed","sticky":false,"template":"","format":"standard","meta":{"footnotes":""},"categories":[477,476,7541],"tags":[],"class_list":["post-49781","post","type-post","status-publish","format-standard","has-post-thumbnail","","category-noticias-edulcorantes","category-locales","category-ultimas-noticias"],"_links":{"self":[{"href":"https:\/\/archive.sana.sy\/es\/index.php?rest_route=\/wp\/v2\/posts\/49781"}],"collection":[{"href":"https:\/\/archive.sana.sy\/es\/index.php?rest_route=\/wp\/v2\/posts"}],"about":[{"href":"https:\/\/archive.sana.sy\/es\/index.php?rest_route=\/wp\/v2\/types\/post"}],"author":[{"embeddable":true,"href":"https:\/\/archive.sana.sy\/es\/index.php?rest_route=\/wp\/v2\/users\/1"}],"replies":[{"embeddable":true,"href":"https:\/\/archive.sana.sy\/es\/index.php?rest_route=%2Fwp%2Fv2%2Fcomments&post=49781"}],"version-history":[{"count":0,"href":"https:\/\/archive.sana.sy\/es\/index.php?rest_route=\/wp\/v2\/posts\/49781\/revisions"}],"wp:featuredmedia":[{"embeddable":true,"href":"https:\/\/archive.sana.sy\/es\/index.php?rest_route=\/wp\/v2\/media\/49782"}],"wp:attachment":[{"href":"https:\/\/archive.sana.sy\/es\/index.php?rest_route=%2Fwp%2Fv2%2Fmedia&parent=49781"}],"wp:term":[{"taxonomy":"category","embeddable":true,"href":"https:\/\/archive.sana.sy\/es\/index.php?rest_route=%2Fwp%2Fv2%2Fcategories&post=49781"},{"taxonomy":"post_tag","embeddable":true,"href":"https:\/\/archive.sana.sy\/es\/index.php?rest_route=%2Fwp%2Fv2%2Ftags&post=49781"}],"curies":[{"name":"wp","href":"https:\/\/api.w.org\/{rel}","templated":true}]}}