{"id":49792,"date":"2016-08-19T19:08:13","date_gmt":"2016-08-19T16:08:13","guid":{"rendered":"http:\/\/www.sana.sy\/es\/?p=49792"},"modified":"2016-08-19T19:13:02","modified_gmt":"2016-08-19T16:13:02","slug":"ejercito-sirio-destruye-sedes-y-herramientas-de-terroristas-en-daraa-al-balad","status":"publish","type":"post","link":"https:\/\/archive.sana.sy\/es\/?p=49792","title":{"rendered":"Ej\u00e9rcito sirio elimina a terroristas en Daraa y Dei ez-Zor, y avanza en Daraya"},"content":{"rendered":"<p style=\"text-align: justify;\"><span style=\"color: #800000;\">Provincia, SANA<\/span>&#8211; Unidades de las fuerzas armadas realizaron este viernes varias operaciones militares contra feudos de los terroristas en la provincia de Daraa.<\/p>\n<p style=\"text-align: justify;\">De acuerdo con una fuente militar, las operaciones militares tuvieron lugar en al sur del edificio antiguo dela Aduna y el mercado Al-Hal en la zona de Daraa Al-Mahata, donde han sido destruidos feudos y herramientas b\u00e9licas de los terroristas.<\/p>\n<p style=\"text-align: justify;\">La agreg\u00f3 que varios integrantes terroristas han sido eliminados y heridos, como consecuencia de dichas operaciones.<\/p>\n<p style=\"text-align: justify;\"><span style=\"color: #0000ff;\">Deir ez-Zor<\/span><\/p>\n<p style=\"text-align: justify;\">En la ciudad de Deir ez-Zor, cazas de combate sirios han liquidado a 15 Terroristas del EI y han destruido un carro y tres veh\u00edculos equipados con ametralladoras pesadas, seg\u00fan confirm\u00f3 una fuente militar este viernes.<\/p>\n<p style=\"text-align: justify;\"><span style=\"color: #0000ff;\">Damasco \u2013 Campo<\/span><\/p>\n<p style=\"text-align: justify;\">Unidades del Ej\u00e9rcito avanzaron en la zona de Daraya, en la periferia de Damasco, y recuperaron el control de 24 edificios, tras acabar con gran n\u00famero de terroristas y destruir sus armas y su material b\u00e9lico, seg\u00fan informa una fuente militar.<\/p>\n<p>El 12 de agosto, las fuerzas del Ej\u00e9rcito, apoyadas por grupos de la Defensa Popular, tomaron el control de la localidad de Hosh Nasri en Guta Oriental, en las afueras de Damasco, tras aniquilar al \u00faltimo reducto de los terroristas.<\/p>\n<p>&nbsp;<\/p>\n<p>&nbsp;<\/p>\n<p><span style=\"color: #0000ff;\">M.Miri, Akram. S<\/span><\/p>\n","protected":false},"excerpt":{"rendered":"<p>Provincia, SANA&#8211; Unidades de las fuerzas armadas realizaron este viernes varias operaciones militares contra feudos de los terroristas en la provincia de Daraa. De acuerdo con una fuente militar, las operaciones militares tuvieron lugar en al sur del edificio antiguo dela Aduna y el mercado Al-Hal en la zona de Daraa Al-Mahata, donde han sido &hellip;<\/p>\n","protected":false},"author":1,"featured_media":49793,"comment_status":"closed","ping_status":"closed","sticky":false,"template":"","format":"standard","meta":{"footnotes":""},"categories":[597,573,583,7541],"tags":[8571],"class_list":["post-49792","post","type-post","status-publish","format-standard","has-post-thumbnail","","category-cinta-de-noticias","category-la-realidad-de-los-acontecimientos-en-siria","category-slide","category-ultimas-noticias","tag-ejercito"],"_links":{"self":[{"href":"https:\/\/archive.sana.sy\/es\/index.php?rest_route=\/wp\/v2\/posts\/49792"}],"collection":[{"href":"https:\/\/archive.sana.sy\/es\/index.php?rest_route=\/wp\/v2\/posts"}],"about":[{"href":"https:\/\/archive.sana.sy\/es\/index.php?rest_route=\/wp\/v2\/types\/post"}],"author":[{"embeddable":true,"href":"https:\/\/archive.sana.sy\/es\/index.php?rest_route=\/wp\/v2\/users\/1"}],"replies":[{"embeddable":true,"href":"https:\/\/archive.sana.sy\/es\/index.php?rest_route=%2Fwp%2Fv2%2Fcomments&post=49792"}],"version-history":[{"count":0,"href":"https:\/\/archive.sana.sy\/es\/index.php?rest_route=\/wp\/v2\/posts\/49792\/revisions"}],"wp:featuredmedia":[{"embeddable":true,"href":"https:\/\/archive.sana.sy\/es\/index.php?rest_route=\/wp\/v2\/media\/49793"}],"wp:attachment":[{"href":"https:\/\/archive.sana.sy\/es\/index.php?rest_route=%2Fwp%2Fv2%2Fmedia&parent=49792"}],"wp:term":[{"taxonomy":"category","embeddable":true,"href":"https:\/\/archive.sana.sy\/es\/index.php?rest_route=%2Fwp%2Fv2%2Fcategories&post=49792"},{"taxonomy":"post_tag","embeddable":true,"href":"https:\/\/archive.sana.sy\/es\/index.php?rest_route=%2Fwp%2Fv2%2Ftags&post=49792"}],"curies":[{"name":"wp","href":"https:\/\/api.w.org\/{rel}","templated":true}]}}