{"id":49798,"date":"2016-08-19T20:59:33","date_gmt":"2016-08-19T17:59:33","guid":{"rendered":"http:\/\/www.sana.sy\/es\/?p=49798"},"modified":"2016-08-19T22:49:42","modified_gmt":"2016-08-19T19:49:42","slug":"muere-un-trabajador-del-servicio-de-limpieza-en-un-taque-terrorista-en-alepo","status":"publish","type":"post","link":"https:\/\/archive.sana.sy\/es\/?p=49798","title":{"rendered":"Dos m\u00e1rtires en  Alepo, y dos m\u00e1rtires y 23 heridos en Homs por ataques terroristas con cohetes"},"content":{"rendered":"<p style=\"text-align: justify;\"><span style=\"color: #800000;\">Alepo, Homs &#8211; SANA<\/span>&#8211; Dos personas perdieron la vida y otros 11 resultaron heridas por ataques terroristas con proyectiles en la ciudad de Alepo.<\/p>\n<p style=\"text-align: justify;\">De acuerdo con una fuente del cuerpo de polic\u00eda de Alepo, integrantes terroristas dispararon este viernes varios proyectiles de chetes contra el barrio residencial de Al-Hamadaniya, donde un civil ha fallecido y otros 11 resultaron heridos.<\/p>\n<p style=\"text-align: justify;\">En el mismo contexto, un trabajador de limpieza en la Direcci\u00f3n de Servicios Ansari del Consejo de la ciudad de Alepo ha perdido la vida, despu\u00e9s de haber sido herido en un ataque terrorista con un proyectil disparado contra el barrio de Salaheddin el jueves pasado.<\/p>\n<p style=\"text-align: justify;\">Seg\u00fan inform\u00f3 el corresponsal de SANA, el trabajador Ahed Al-Rihawi de la Direcci\u00f3n de limpieza en el barrio de Ansari del Ayuntamiento de Alepo cay\u00f3 m\u00e1rtir tras resultar herido por la ciada de un proyectil disparado por terroristas mientras realizaba su trabajo.<\/p>\n<p style=\"text-align: justify;\">Cabe mencionar que alrededor de 94 trabajadores de la Direcci\u00f3n de limpieza del Ayuntamiento de Alepo cayeron m\u00e1rtires y otros 100 resultaron heridos en ataques terroristas durante los \u00faltimos rores a\u00f1os.<\/p>\n<p style=\"text-align: justify;\"><span style=\"color: #0000ff;\">Dos martires y 23 heridos por agresiones terroristas contra barrios residenciales en Homs<\/span><\/p>\n<p>Dos m\u00e1rtires y 23 heridos fue el resultado de los ataques terroristas contra barrios residenciales en Homs.<\/p>\n<p>Grupos terroristas lanzaron 14 proyectiles de cohetes contra diferente barrios, 4 contra los barrios de Al Zahraa y Al Arman, 2 contra el Valle de Al Dahab, y uno cay\u00f3 entre el Valle de Al Dahab y Bab Al Dreib.<\/p>\n<p>Terroristas atrincherados en la localidad de Rahom, a 8 Km al este de Yeb Al Yarrah, lanzaron 6 proyectiles contra la localidad de Maksar Al Husan, causando da\u00f1os materiales en las propiedades privadas.<\/p>\n<p>&nbsp;<\/p>\n<p>&nbsp;<\/p>\n<p><span style=\"color: #0000ff;\">M.Miri, Akram. S<\/span><\/p>\n","protected":false},"excerpt":{"rendered":"<p>Alepo, Homs &#8211; SANA&#8211; Dos personas perdieron la vida y otros 11 resultaron heridas por ataques terroristas con proyectiles en la ciudad de Alepo. De acuerdo con una fuente del cuerpo de polic\u00eda de Alepo, integrantes terroristas dispararon este viernes varios proyectiles de chetes contra el barrio residencial de Al-Hamadaniya, donde un civil ha fallecido &hellip;<\/p>\n","protected":false},"author":1,"featured_media":49799,"comment_status":"closed","ping_status":"closed","sticky":false,"template":"","format":"standard","meta":{"footnotes":""},"categories":[477,476,583,7541],"tags":[2626],"class_list":["post-49798","post","type-post","status-publish","format-standard","has-post-thumbnail","","category-noticias-edulcorantes","category-locales","category-slide","category-ultimas-noticias","tag-alepo"],"_links":{"self":[{"href":"https:\/\/archive.sana.sy\/es\/index.php?rest_route=\/wp\/v2\/posts\/49798"}],"collection":[{"href":"https:\/\/archive.sana.sy\/es\/index.php?rest_route=\/wp\/v2\/posts"}],"about":[{"href":"https:\/\/archive.sana.sy\/es\/index.php?rest_route=\/wp\/v2\/types\/post"}],"author":[{"embeddable":true,"href":"https:\/\/archive.sana.sy\/es\/index.php?rest_route=\/wp\/v2\/users\/1"}],"replies":[{"embeddable":true,"href":"https:\/\/archive.sana.sy\/es\/index.php?rest_route=%2Fwp%2Fv2%2Fcomments&post=49798"}],"version-history":[{"count":0,"href":"https:\/\/archive.sana.sy\/es\/index.php?rest_route=\/wp\/v2\/posts\/49798\/revisions"}],"wp:featuredmedia":[{"embeddable":true,"href":"https:\/\/archive.sana.sy\/es\/index.php?rest_route=\/wp\/v2\/media\/49799"}],"wp:attachment":[{"href":"https:\/\/archive.sana.sy\/es\/index.php?rest_route=%2Fwp%2Fv2%2Fmedia&parent=49798"}],"wp:term":[{"taxonomy":"category","embeddable":true,"href":"https:\/\/archive.sana.sy\/es\/index.php?rest_route=%2Fwp%2Fv2%2Fcategories&post=49798"},{"taxonomy":"post_tag","embeddable":true,"href":"https:\/\/archive.sana.sy\/es\/index.php?rest_route=%2Fwp%2Fv2%2Ftags&post=49798"}],"curies":[{"name":"wp","href":"https:\/\/api.w.org\/{rel}","templated":true}]}}