{"id":49845,"date":"2016-08-19T20:39:59","date_gmt":"2016-08-19T17:39:59","guid":{"rendered":"http:\/\/www.sana.sy\/es\/?p=49845"},"modified":"2016-08-19T22:47:48","modified_gmt":"2016-08-19T19:47:48","slug":"evacuan-a-35-personas-muchas-de-ellas-con-enfermedad-grave-de-kfarya-y-al-fua-en-idleb-y-de-madaya-en-las-afueras-de-damasco","status":"publish","type":"post","link":"https:\/\/archive.sana.sy\/es\/?p=49845","title":{"rendered":"Evac\u00faan a 35 personas, la mayor\u00eda en estado grave, de Kfarya y Al F\u00faa, en Idleb, y de Madaya en las afueras de Damasco"},"content":{"rendered":"<p>&nbsp;<\/p>\n<p><span style=\"color: #800000;\">Idleb, Damasco Campo- SANA<\/span><\/p>\n<p>La Media Luna Roja Siria evacu\u00f3 a 17 personas, en su mayor\u00eda en estado\u00a0grave de salud, de las localidades de Kfarya y Al F\u00faa, asediadas por los grupos terroristas en el campo norte\u00f1o de Idleb.<\/p>\n<p>El trabajo contin\u00faa para llevar a las personas evacuadas de Kfarya y Al F\u00faa al Crac de Al Madiq, en el campo norte\u00f1o de Hama, en paralelo con la evacuaci\u00f3n de 18 personas de la localidad de Madaya, en las afueras de Damasco.<\/p>\n<p>En la localidad de Madaya, los grupos terroristas utilizan a los habitantes como escudos humanos, se apoderan de sus propiedades, y se les impiden la llegada de ayuda humanitaria.<\/p>\n<p>El pasado 14 de agosto, la Media Luna Roja, tras gestiones de dos d\u00edas, evacu\u00f3 a la ni\u00f1a Ghena Kueder, herida a causa de una reyerta entre grupos terroristas dentro de Madaya.<\/p>\n<p>Y las localidades de Kfarya y Al F\u00faa, en el campo de Idleb, sufren un asedio impuesto por los grupos terroristas desde hace m\u00e1s de dos a\u00f1os.<\/p>\n<p>&nbsp;<\/p>\n<p>&nbsp;<\/p>\n<p>&nbsp;<\/p>\n<p><span style=\"color: #0000ff;\">Akram. S<\/span><\/p>\n","protected":false},"excerpt":{"rendered":"<p>&nbsp; Idleb, Damasco Campo- SANA La Media Luna Roja Siria evacu\u00f3 a 17 personas, en su mayor\u00eda en estado\u00a0grave de salud, de las localidades de Kfarya y Al F\u00faa, asediadas por los grupos terroristas en el campo norte\u00f1o de Idleb. El trabajo contin\u00faa para llevar a las personas evacuadas de Kfarya y Al F\u00faa al &hellip;<\/p>\n","protected":false},"author":1,"featured_media":49846,"comment_status":"closed","ping_status":"closed","sticky":false,"template":"","format":"standard","meta":{"footnotes":""},"categories":[597,476,583,7541],"tags":[],"class_list":["post-49845","post","type-post","status-publish","format-standard","has-post-thumbnail","","category-cinta-de-noticias","category-locales","category-slide","category-ultimas-noticias"],"_links":{"self":[{"href":"https:\/\/archive.sana.sy\/es\/index.php?rest_route=\/wp\/v2\/posts\/49845"}],"collection":[{"href":"https:\/\/archive.sana.sy\/es\/index.php?rest_route=\/wp\/v2\/posts"}],"about":[{"href":"https:\/\/archive.sana.sy\/es\/index.php?rest_route=\/wp\/v2\/types\/post"}],"author":[{"embeddable":true,"href":"https:\/\/archive.sana.sy\/es\/index.php?rest_route=\/wp\/v2\/users\/1"}],"replies":[{"embeddable":true,"href":"https:\/\/archive.sana.sy\/es\/index.php?rest_route=%2Fwp%2Fv2%2Fcomments&post=49845"}],"version-history":[{"count":0,"href":"https:\/\/archive.sana.sy\/es\/index.php?rest_route=\/wp\/v2\/posts\/49845\/revisions"}],"wp:featuredmedia":[{"embeddable":true,"href":"https:\/\/archive.sana.sy\/es\/index.php?rest_route=\/wp\/v2\/media\/49846"}],"wp:attachment":[{"href":"https:\/\/archive.sana.sy\/es\/index.php?rest_route=%2Fwp%2Fv2%2Fmedia&parent=49845"}],"wp:term":[{"taxonomy":"category","embeddable":true,"href":"https:\/\/archive.sana.sy\/es\/index.php?rest_route=%2Fwp%2Fv2%2Fcategories&post=49845"},{"taxonomy":"post_tag","embeddable":true,"href":"https:\/\/archive.sana.sy\/es\/index.php?rest_route=%2Fwp%2Fv2%2Ftags&post=49845"}],"curies":[{"name":"wp","href":"https:\/\/api.w.org\/{rel}","templated":true}]}}