{"id":49955,"date":"2016-08-21T14:27:44","date_gmt":"2016-08-21T11:27:44","guid":{"rendered":"http:\/\/www.sana.sy\/es\/?p=49955"},"modified":"2016-08-21T15:37:55","modified_gmt":"2016-08-21T12:37:55","slug":"grandes-danos-en-las-casonas-arqueologicas-en-la-ciudad-de-alepo","status":"publish","type":"post","link":"https:\/\/archive.sana.sy\/es\/?p=49955","title":{"rendered":"Grandes da\u00f1os en las casonas arqueol\u00f3gicas en la ciudad de Alepo"},"content":{"rendered":"<p><span style=\"color: #800000\">Alepo, SANA<\/span><\/p>\n<p>Grandes da\u00f1os han sufrido dos casonas hist\u00f3ricas a consecuencia de atentados terroristas en Alepo.<\/p>\n<p>El director de Antig\u00fcedades y Museos en Alepo, Dr. Khaled Masri dijo en declaraciones que las casonas Dar Ghazalah y Dar Ayekbash situadas en el barrio de Yedaideh, vecino del casco viejo, sufrieron da\u00f1os se\u00f1alando que un equipo especializado ha logrado llegar a ambas casonas y documentar los perjuicios.<\/p>\n<p>Masri precis\u00f3 que la inspecci\u00f3n permiti\u00f3 saber los grandes da\u00f1os sufridos por las fachadas de piedra, los tejados, las paredes y los techos de madera \u00fanicos.<\/p>\n<p>Cabe destacar que Dar Ghazalah es una edificaci\u00f3n arqueol\u00f3gica que se remonta al siglo XVII y fue reparado en 2007-2010 para luego transformarlo en el Museo de Memoria de Alepo. En cambio Dar Ayekbash se remonta al siglo XVIII y fue convertido en el Museo de Tradiciones Populares en 1980.<\/p>\n<div id='gallery-1' class='gallery galleryid-49955 gallery-columns-3 gallery-size-thumbnail'><figure class='gallery-item'>\n\t\t\t<div class='gallery-icon landscape'>\n\t\t\t\t<a href='https:\/\/archive.sana.sy\/es\/wp-content\/uploads\/2016\/08\/casonas-hist\u00f3ricas-de-Alepo-3.jpg'><img loading=\"lazy\" decoding=\"async\" width=\"150\" height=\"113\" src=\"https:\/\/archive.sana.sy\/es\/wp-content\/uploads\/2016\/08\/casonas-hist\u00f3ricas-de-Alepo-3-150x113.jpg\" class=\"attachment-thumbnail size-thumbnail\" alt=\"\" srcset=\"https:\/\/archive.sana.sy\/es\/wp-content\/uploads\/2016\/08\/casonas-hist\u00f3ricas-de-Alepo-3-150x113.jpg 150w, https:\/\/archive.sana.sy\/es\/wp-content\/uploads\/2016\/08\/casonas-hist\u00f3ricas-de-Alepo-3-300x225.jpg 300w, https:\/\/archive.sana.sy\/es\/wp-content\/uploads\/2016\/08\/casonas-hist\u00f3ricas-de-Alepo-3-768x576.jpg 768w, https:\/\/archive.sana.sy\/es\/wp-content\/uploads\/2016\/08\/casonas-hist\u00f3ricas-de-Alepo-3-1024x768.jpg 1024w, https:\/\/archive.sana.sy\/es\/wp-content\/uploads\/2016\/08\/casonas-hist\u00f3ricas-de-Alepo-3.jpg 1280w\" sizes=\"(max-width: 150px) 100vw, 150px\" \/><\/a>\n\t\t\t<\/div><\/figure><figure class='gallery-item'>\n\t\t\t<div class='gallery-icon landscape'>\n\t\t\t\t<a href='https:\/\/archive.sana.sy\/es\/wp-content\/uploads\/2016\/08\/casonas-hist\u00f3ricas-de-Alepo-2.jpg'><img loading=\"lazy\" decoding=\"async\" width=\"150\" height=\"113\" src=\"https:\/\/archive.sana.sy\/es\/wp-content\/uploads\/2016\/08\/casonas-hist\u00f3ricas-de-Alepo-2-150x113.jpg\" class=\"attachment-thumbnail size-thumbnail\" alt=\"\" srcset=\"https:\/\/archive.sana.sy\/es\/wp-content\/uploads\/2016\/08\/casonas-hist\u00f3ricas-de-Alepo-2-150x113.jpg 150w, https:\/\/archive.sana.sy\/es\/wp-content\/uploads\/2016\/08\/casonas-hist\u00f3ricas-de-Alepo-2-300x225.jpg 300w, https:\/\/archive.sana.sy\/es\/wp-content\/uploads\/2016\/08\/casonas-hist\u00f3ricas-de-Alepo-2-768x576.jpg 768w, https:\/\/archive.sana.sy\/es\/wp-content\/uploads\/2016\/08\/casonas-hist\u00f3ricas-de-Alepo-2-1024x768.jpg 1024w, https:\/\/archive.sana.sy\/es\/wp-content\/uploads\/2016\/08\/casonas-hist\u00f3ricas-de-Alepo-2.jpg 1280w\" sizes=\"(max-width: 150px) 100vw, 150px\" \/><\/a>\n\t\t\t<\/div><\/figure><figure class='gallery-item'>\n\t\t\t<div class='gallery-icon landscape'>\n\t\t\t\t<a href='https:\/\/archive.sana.sy\/es\/wp-content\/uploads\/2016\/08\/casonas-hist\u00f3ricas-de-Alepo-1.jpg'><img loading=\"lazy\" decoding=\"async\" width=\"150\" height=\"113\" src=\"https:\/\/archive.sana.sy\/es\/wp-content\/uploads\/2016\/08\/casonas-hist\u00f3ricas-de-Alepo-1-150x113.jpg\" class=\"attachment-thumbnail size-thumbnail\" alt=\"\" srcset=\"https:\/\/archive.sana.sy\/es\/wp-content\/uploads\/2016\/08\/casonas-hist\u00f3ricas-de-Alepo-1-150x113.jpg 150w, https:\/\/archive.sana.sy\/es\/wp-content\/uploads\/2016\/08\/casonas-hist\u00f3ricas-de-Alepo-1-300x225.jpg 300w, https:\/\/archive.sana.sy\/es\/wp-content\/uploads\/2016\/08\/casonas-hist\u00f3ricas-de-Alepo-1-768x576.jpg 768w, https:\/\/archive.sana.sy\/es\/wp-content\/uploads\/2016\/08\/casonas-hist\u00f3ricas-de-Alepo-1-1024x768.jpg 1024w, https:\/\/archive.sana.sy\/es\/wp-content\/uploads\/2016\/08\/casonas-hist\u00f3ricas-de-Alepo-1.jpg 1280w\" sizes=\"(max-width: 150px) 100vw, 150px\" \/><\/a>\n\t\t\t<\/div><\/figure><figure class='gallery-item'>\n\t\t\t<div class='gallery-icon landscape'>\n\t\t\t\t<a href='https:\/\/archive.sana.sy\/es\/wp-content\/uploads\/2016\/08\/casonas-hist\u00f3ricas-de-Alepo.jpg'><img loading=\"lazy\" decoding=\"async\" width=\"150\" height=\"113\" src=\"https:\/\/archive.sana.sy\/es\/wp-content\/uploads\/2016\/08\/casonas-hist\u00f3ricas-de-Alepo-150x113.jpg\" class=\"attachment-thumbnail size-thumbnail\" alt=\"\" srcset=\"https:\/\/archive.sana.sy\/es\/wp-content\/uploads\/2016\/08\/casonas-hist\u00f3ricas-de-Alepo-150x113.jpg 150w, https:\/\/archive.sana.sy\/es\/wp-content\/uploads\/2016\/08\/casonas-hist\u00f3ricas-de-Alepo-300x225.jpg 300w, https:\/\/archive.sana.sy\/es\/wp-content\/uploads\/2016\/08\/casonas-hist\u00f3ricas-de-Alepo-768x576.jpg 768w, https:\/\/archive.sana.sy\/es\/wp-content\/uploads\/2016\/08\/casonas-hist\u00f3ricas-de-Alepo-1024x768.jpg 1024w, https:\/\/archive.sana.sy\/es\/wp-content\/uploads\/2016\/08\/casonas-hist\u00f3ricas-de-Alepo.jpg 1280w\" sizes=\"(max-width: 150px) 100vw, 150px\" \/><\/a>\n\t\t\t<\/div><\/figure>\n\t\t<\/div>\n\n<p>&nbsp;<\/p>\n<p>&nbsp;<br \/>\nRiyad Sh., Lynn A.<\/p>\n","protected":false},"excerpt":{"rendered":"<p>Alepo, SANA Grandes da\u00f1os han sufrido dos casonas hist\u00f3ricas a consecuencia de atentados terroristas en Alepo. El director de Antig\u00fcedades y Museos en Alepo, Dr. Khaled Masri dijo en declaraciones que las casonas Dar Ghazalah y Dar Ayekbash situadas en el barrio de Yedaideh, vecino del casco viejo, sufrieron da\u00f1os se\u00f1alando que un equipo especializado &hellip;<\/p>\n","protected":false},"author":24,"featured_media":49975,"comment_status":"closed","ping_status":"closed","sticky":false,"template":"","format":"standard","meta":{"footnotes":""},"categories":[477,597,476,583,7541],"tags":[],"class_list":["post-49955","post","type-post","status-publish","format-standard","has-post-thumbnail","","category-noticias-edulcorantes","category-cinta-de-noticias","category-locales","category-slide","category-ultimas-noticias"],"_links":{"self":[{"href":"https:\/\/archive.sana.sy\/es\/index.php?rest_route=\/wp\/v2\/posts\/49955"}],"collection":[{"href":"https:\/\/archive.sana.sy\/es\/index.php?rest_route=\/wp\/v2\/posts"}],"about":[{"href":"https:\/\/archive.sana.sy\/es\/index.php?rest_route=\/wp\/v2\/types\/post"}],"author":[{"embeddable":true,"href":"https:\/\/archive.sana.sy\/es\/index.php?rest_route=\/wp\/v2\/users\/24"}],"replies":[{"embeddable":true,"href":"https:\/\/archive.sana.sy\/es\/index.php?rest_route=%2Fwp%2Fv2%2Fcomments&post=49955"}],"version-history":[{"count":0,"href":"https:\/\/archive.sana.sy\/es\/index.php?rest_route=\/wp\/v2\/posts\/49955\/revisions"}],"wp:featuredmedia":[{"embeddable":true,"href":"https:\/\/archive.sana.sy\/es\/index.php?rest_route=\/wp\/v2\/media\/49975"}],"wp:attachment":[{"href":"https:\/\/archive.sana.sy\/es\/index.php?rest_route=%2Fwp%2Fv2%2Fmedia&parent=49955"}],"wp:term":[{"taxonomy":"category","embeddable":true,"href":"https:\/\/archive.sana.sy\/es\/index.php?rest_route=%2Fwp%2Fv2%2Fcategories&post=49955"},{"taxonomy":"post_tag","embeddable":true,"href":"https:\/\/archive.sana.sy\/es\/index.php?rest_route=%2Fwp%2Fv2%2Ftags&post=49955"}],"curies":[{"name":"wp","href":"https:\/\/api.w.org\/{rel}","templated":true}]}}