{"id":50008,"date":"2016-08-21T21:16:42","date_gmt":"2016-08-21T18:16:42","guid":{"rendered":"http:\/\/www.sana.sy\/es\/?p=50008"},"modified":"2016-08-21T23:01:48","modified_gmt":"2016-08-21T20:01:48","slug":"el-primer-ministro-aborda-con-el-sindicato-de-maestros-el-desarrollo-del-sector-educativo-y-garantizar-las-herramientas-necesarias","status":"publish","type":"post","link":"https:\/\/archive.sana.sy\/es\/?p=50008","title":{"rendered":"El primer ministro aborda con el Sindicato de Maestros el desarrollo del sector educativo"},"content":{"rendered":"<p><span style=\"color: #800000;\">Damasco- SANA<\/span><\/p>\n<p>El primer ministro, Imad Jamis, abord\u00f3 con los miembros d la Oficina Ejecutiva del Sindicato de Maestros los mecanismos de desarrollar el sector educativo y garantizar las herramientas necesarias.<\/p>\n<p>Y manifest\u00f3 el aprecio y el apoyo del gobierno al sector educativo, y a los esfuerzos de los maestros, a pesar de los grandes desaf\u00edos en las actuales circunstancias.<\/p>\n<p>Durante la reuni\u00f3n, se centr\u00f3 en la necesidad de una complementariedad entre el Sindicato de Maestros, el ministerio de Educaci\u00f3n, y las instituciones gubernamentales educativas, de forma que se garanticen las necesidades de los alumnos, y se atienda a los profesores mediante el apoyo al Fondo de Solidaridad Social, al seguro m\u00e9dico, y a la continua actualizaci\u00f3n de los planes de estudio, adem\u00e1s de apoyar la labor de inversi\u00f3n del Sindicato.<\/p>\n<p>&nbsp;<\/p>\n<p>&nbsp;<br \/>\n<span style=\"color: #0000ff;\">Akram. S<\/span><\/p>\n","protected":false},"excerpt":{"rendered":"<p>Damasco- SANA El primer ministro, Imad Jamis, abord\u00f3 con los miembros d la Oficina Ejecutiva del Sindicato de Maestros los mecanismos de desarrollar el sector educativo y garantizar las herramientas necesarias. Y manifest\u00f3 el aprecio y el apoyo del gobierno al sector educativo, y a los esfuerzos de los maestros, a pesar de los grandes &hellip;<\/p>\n","protected":false},"author":1,"featured_media":50009,"comment_status":"closed","ping_status":"closed","sticky":false,"template":"","format":"standard","meta":{"footnotes":""},"categories":[597,476,583,7541],"tags":[],"class_list":["post-50008","post","type-post","status-publish","format-standard","has-post-thumbnail","","category-cinta-de-noticias","category-locales","category-slide","category-ultimas-noticias"],"_links":{"self":[{"href":"https:\/\/archive.sana.sy\/es\/index.php?rest_route=\/wp\/v2\/posts\/50008"}],"collection":[{"href":"https:\/\/archive.sana.sy\/es\/index.php?rest_route=\/wp\/v2\/posts"}],"about":[{"href":"https:\/\/archive.sana.sy\/es\/index.php?rest_route=\/wp\/v2\/types\/post"}],"author":[{"embeddable":true,"href":"https:\/\/archive.sana.sy\/es\/index.php?rest_route=\/wp\/v2\/users\/1"}],"replies":[{"embeddable":true,"href":"https:\/\/archive.sana.sy\/es\/index.php?rest_route=%2Fwp%2Fv2%2Fcomments&post=50008"}],"version-history":[{"count":0,"href":"https:\/\/archive.sana.sy\/es\/index.php?rest_route=\/wp\/v2\/posts\/50008\/revisions"}],"wp:featuredmedia":[{"embeddable":true,"href":"https:\/\/archive.sana.sy\/es\/index.php?rest_route=\/wp\/v2\/media\/50009"}],"wp:attachment":[{"href":"https:\/\/archive.sana.sy\/es\/index.php?rest_route=%2Fwp%2Fv2%2Fmedia&parent=50008"}],"wp:term":[{"taxonomy":"category","embeddable":true,"href":"https:\/\/archive.sana.sy\/es\/index.php?rest_route=%2Fwp%2Fv2%2Fcategories&post=50008"},{"taxonomy":"post_tag","embeddable":true,"href":"https:\/\/archive.sana.sy\/es\/index.php?rest_route=%2Fwp%2Fv2%2Ftags&post=50008"}],"curies":[{"name":"wp","href":"https:\/\/api.w.org\/{rel}","templated":true}]}}