{"id":50011,"date":"2016-08-21T21:37:11","date_gmt":"2016-08-21T18:37:11","guid":{"rendered":"http:\/\/www.sana.sy\/es\/?p=50011"},"modified":"2016-08-21T21:37:11","modified_gmt":"2016-08-21T18:37:11","slug":"autoridades-gubernamentales-y-los-asaish-acuerdan-un-regimen-de-calma-en-al-hasaka","status":"publish","type":"post","link":"https:\/\/archive.sana.sy\/es\/?p=50011","title":{"rendered":"Autoridades gubernamentales y \u201clos Asaish\u201d acuerdan un r\u00e9gimen de calma en Al Hasaka"},"content":{"rendered":"<p><span style=\"color: #800000;\">Al Hasaka- SANA<\/span><\/p>\n<p>Las autoridades gubernamentales llegaron a un acuerdo con las fuerzas de Asaish (brazo armado del Partido de Trabajadores de Kurdist\u00e1n), de aplicar un r\u00e9gimen de calma a partir de las 17:00 horas de esta tarde, y de evacuar a los heridos y trasladarlos a los hospitales.<\/p>\n<p>El acuerdo incluye tambi\u00e9n instaurar la seguridad en Al Hasaka como era antes de los incidentes, e iniciar un nuevo di\u00e1logo ma\u00f1ana para resolver el resto de los asuntos pendientes.<\/p>\n<p>El brazo armado del Partido de Trabajadores de Kurdist\u00e1n \u201cAsaish\u201d cometi\u00f3 \u00faltimamente actos provocativos en la ciudad de Al Hasaka, como atacar a las instituciones del Estado, el robo del petr\u00f3leo y de algod\u00f3n, obstaculizar los ex\u00e1menes del proceso educativo, secuestrar a civiles, y difundir un estado de caos e inestabilidad.<\/p>\n<p>Y esto fue respondido adecuadamente por parte del Ej\u00e9rcito al atacar las posiciones de agrupaci\u00f3n de los armados, autores de estos actos criminales.<\/p>\n<p>&nbsp;<br \/>\n<span style=\"color: #0000ff;\">Akram. S<\/span><\/p>\n","protected":false},"excerpt":{"rendered":"<p>Al Hasaka- SANA Las autoridades gubernamentales llegaron a un acuerdo con las fuerzas de Asaish (brazo armado del Partido de Trabajadores de Kurdist\u00e1n), de aplicar un r\u00e9gimen de calma a partir de las 17:00 horas de esta tarde, y de evacuar a los heridos y trasladarlos a los hospitales. El acuerdo incluye tambi\u00e9n instaurar la &hellip;<\/p>\n","protected":false},"author":1,"featured_media":50012,"comment_status":"closed","ping_status":"closed","sticky":false,"template":"","format":"standard","meta":{"footnotes":""},"categories":[597,573,583,7541],"tags":[],"class_list":["post-50011","post","type-post","status-publish","format-standard","has-post-thumbnail","","category-cinta-de-noticias","category-la-realidad-de-los-acontecimientos-en-siria","category-slide","category-ultimas-noticias"],"_links":{"self":[{"href":"https:\/\/archive.sana.sy\/es\/index.php?rest_route=\/wp\/v2\/posts\/50011"}],"collection":[{"href":"https:\/\/archive.sana.sy\/es\/index.php?rest_route=\/wp\/v2\/posts"}],"about":[{"href":"https:\/\/archive.sana.sy\/es\/index.php?rest_route=\/wp\/v2\/types\/post"}],"author":[{"embeddable":true,"href":"https:\/\/archive.sana.sy\/es\/index.php?rest_route=\/wp\/v2\/users\/1"}],"replies":[{"embeddable":true,"href":"https:\/\/archive.sana.sy\/es\/index.php?rest_route=%2Fwp%2Fv2%2Fcomments&post=50011"}],"version-history":[{"count":0,"href":"https:\/\/archive.sana.sy\/es\/index.php?rest_route=\/wp\/v2\/posts\/50011\/revisions"}],"wp:featuredmedia":[{"embeddable":true,"href":"https:\/\/archive.sana.sy\/es\/index.php?rest_route=\/wp\/v2\/media\/50012"}],"wp:attachment":[{"href":"https:\/\/archive.sana.sy\/es\/index.php?rest_route=%2Fwp%2Fv2%2Fmedia&parent=50011"}],"wp:term":[{"taxonomy":"category","embeddable":true,"href":"https:\/\/archive.sana.sy\/es\/index.php?rest_route=%2Fwp%2Fv2%2Fcategories&post=50011"},{"taxonomy":"post_tag","embeddable":true,"href":"https:\/\/archive.sana.sy\/es\/index.php?rest_route=%2Fwp%2Fv2%2Ftags&post=50011"}],"curies":[{"name":"wp","href":"https:\/\/api.w.org\/{rel}","templated":true}]}}