{"id":50017,"date":"2016-08-21T22:30:07","date_gmt":"2016-08-21T19:30:07","guid":{"rendered":"http:\/\/www.sana.sy\/es\/?p=50017"},"modified":"2016-08-21T22:30:07","modified_gmt":"2016-08-21T19:30:07","slug":"el-ejercito-libanes-desactiva-un-artefacto-explosivo-en-arsal","status":"publish","type":"post","link":"https:\/\/archive.sana.sy\/es\/?p=50017","title":{"rendered":"El Ej\u00e9rcito liban\u00e9s desactiva un artefacto explosivo en Arsal"},"content":{"rendered":"<p><span style=\"color: #800000;\">Beirut- SANA<\/span><\/p>\n<p>El Ej\u00e9rcito liban\u00e9s desactiv\u00f3 un artefacto explosivo colocado por terroristas, que contiene 200 gramos de sustancia C4, 2 Kg de nitratos de amonio, y metrallas, y preparado para detonarlo a distancia.<\/p>\n<p>Ayer, se desactiv\u00f3 un artefacto explosivo, que contiene 400 gramos de sustancias de alta capacidad explosiva, colocado por terroristas en una carretera por la que pasan soldados del Ej\u00e9rcito en la zona de Dahrat Al Sarey, al este de la localidad de Arsal.<\/p>\n<p>Desde hace tres d\u00edas un artefacto explosivo se estall\u00f3 al pasar un veh\u00edculo del Ej\u00e9rcito libanes sin causar v\u00edctimas.<\/p>\n<p>&nbsp;<\/p>\n<p>&nbsp;<br \/>\n<span style=\"color: #0000ff;\">Akram. S<\/span><\/p>\n","protected":false},"excerpt":{"rendered":"<p>Beirut- SANA El Ej\u00e9rcito liban\u00e9s desactiv\u00f3 un artefacto explosivo colocado por terroristas, que contiene 200 gramos de sustancia C4, 2 Kg de nitratos de amonio, y metrallas, y preparado para detonarlo a distancia. Ayer, se desactiv\u00f3 un artefacto explosivo, que contiene 400 gramos de sustancias de alta capacidad explosiva, colocado por terroristas en una carretera &hellip;<\/p>\n","protected":false},"author":1,"featured_media":50018,"comment_status":"closed","ping_status":"closed","sticky":false,"template":"","format":"standard","meta":{"footnotes":""},"categories":[597,456,7541],"tags":[],"class_list":["post-50017","post","type-post","status-publish","format-standard","has-post-thumbnail","","category-cinta-de-noticias","category-arabe-internacional-politica","category-ultimas-noticias"],"_links":{"self":[{"href":"https:\/\/archive.sana.sy\/es\/index.php?rest_route=\/wp\/v2\/posts\/50017"}],"collection":[{"href":"https:\/\/archive.sana.sy\/es\/index.php?rest_route=\/wp\/v2\/posts"}],"about":[{"href":"https:\/\/archive.sana.sy\/es\/index.php?rest_route=\/wp\/v2\/types\/post"}],"author":[{"embeddable":true,"href":"https:\/\/archive.sana.sy\/es\/index.php?rest_route=\/wp\/v2\/users\/1"}],"replies":[{"embeddable":true,"href":"https:\/\/archive.sana.sy\/es\/index.php?rest_route=%2Fwp%2Fv2%2Fcomments&post=50017"}],"version-history":[{"count":0,"href":"https:\/\/archive.sana.sy\/es\/index.php?rest_route=\/wp\/v2\/posts\/50017\/revisions"}],"wp:featuredmedia":[{"embeddable":true,"href":"https:\/\/archive.sana.sy\/es\/index.php?rest_route=\/wp\/v2\/media\/50018"}],"wp:attachment":[{"href":"https:\/\/archive.sana.sy\/es\/index.php?rest_route=%2Fwp%2Fv2%2Fmedia&parent=50017"}],"wp:term":[{"taxonomy":"category","embeddable":true,"href":"https:\/\/archive.sana.sy\/es\/index.php?rest_route=%2Fwp%2Fv2%2Fcategories&post=50017"},{"taxonomy":"post_tag","embeddable":true,"href":"https:\/\/archive.sana.sy\/es\/index.php?rest_route=%2Fwp%2Fv2%2Ftags&post=50017"}],"curies":[{"name":"wp","href":"https:\/\/api.w.org\/{rel}","templated":true}]}}