{"id":50111,"date":"2016-08-23T12:25:31","date_gmt":"2016-08-23T09:25:31","guid":{"rendered":"http:\/\/www.sana.sy\/es\/?p=50111"},"modified":"2016-08-23T12:25:31","modified_gmt":"2016-08-23T09:25:31","slug":"presidente-cubano-se-reune-en-la-habana-con-el-canciller-irani","status":"publish","type":"post","link":"https:\/\/archive.sana.sy\/es\/?p=50111","title":{"rendered":"Presidente cubano se re\u00fane en La Habana con el canciller iran\u00ed"},"content":{"rendered":"<p style=\"text-align: justify\"><span style=\"color: #800000\">La Habana, SANA<\/span><\/p>\n<p style=\"text-align: justify\">El presidente cubano, Ra\u00fal Castro, recibi\u00f3 en la capital La Habana, al ministro de Exteriores de Ir\u00e1n, Mohammad Javad Zarif.<\/p>\n<p style=\"text-align: justify\">Seg\u00fan inform\u00f3 la agencia cubana Prensa Latina, Castro y Zarif conversaron sobre el muy positivo estado de los nexos bilaterales y coincidieron en el inter\u00e9s de ampliar los nexos en los sectores econ\u00f3mico, comercial, financiero y de cooperaci\u00f3n.<\/p>\n<p style=\"text-align: justify\">Durante la reuni\u00f3n con su par cubano, Javad Zarif destac\u00f3 el inicio de un nuevo cap\u00edtulo en las relaciones de su pa\u00eds con la naci\u00f3n antillana, que permitir\u00e1 fortalecer y ampliar los lazos de cooperaci\u00f3n y colaboraci\u00f3n.<\/p>\n<p style=\"text-align: justify\">Asimismo, la televisora iran\u00ed Hispan TV inform\u00f3 que durante la reuni\u00f3n, ambas partes han coincidido en ampliar las relaciones bilaterales entre Ir\u00e1n y Cuba en diferentes \u00e1mbitos, en particular en el sector econ\u00f3mico y los asuntos internacionales.<\/p>\n<p style=\"text-align: justify\">Adem\u00e1s de temas de \u00edndole bilateral, Zarif y Castro han analizado los recientes acontecimientos regionales (Am\u00e9rica Latina) e internacionales.<\/p>\n<p><span style=\"color: #0000ff\">Fady M., Hala B.<\/span><\/p>\n","protected":false},"excerpt":{"rendered":"<p>La Habana, SANA El presidente cubano, Ra\u00fal Castro, recibi\u00f3 en la capital La Habana, al ministro de Exteriores de Ir\u00e1n, Mohammad Javad Zarif. Seg\u00fan inform\u00f3 la agencia cubana Prensa Latina, Castro y Zarif conversaron sobre el muy positivo estado de los nexos bilaterales y coincidieron en el inter\u00e9s de ampliar los nexos en los sectores &hellip;<\/p>\n","protected":false},"author":1,"featured_media":50112,"comment_status":"closed","ping_status":"closed","sticky":false,"template":"","format":"standard","meta":{"footnotes":""},"categories":[456,457],"tags":[9114],"class_list":["post-50111","post","type-post","status-publish","format-standard","has-post-thumbnail","","category-arabe-internacional-politica","category-noticias-arabe-internacional-politica","tag-presidente-cubano-se-reune-en-la-habana-con-el-canciller-irani"],"_links":{"self":[{"href":"https:\/\/archive.sana.sy\/es\/index.php?rest_route=\/wp\/v2\/posts\/50111"}],"collection":[{"href":"https:\/\/archive.sana.sy\/es\/index.php?rest_route=\/wp\/v2\/posts"}],"about":[{"href":"https:\/\/archive.sana.sy\/es\/index.php?rest_route=\/wp\/v2\/types\/post"}],"author":[{"embeddable":true,"href":"https:\/\/archive.sana.sy\/es\/index.php?rest_route=\/wp\/v2\/users\/1"}],"replies":[{"embeddable":true,"href":"https:\/\/archive.sana.sy\/es\/index.php?rest_route=%2Fwp%2Fv2%2Fcomments&post=50111"}],"version-history":[{"count":0,"href":"https:\/\/archive.sana.sy\/es\/index.php?rest_route=\/wp\/v2\/posts\/50111\/revisions"}],"wp:featuredmedia":[{"embeddable":true,"href":"https:\/\/archive.sana.sy\/es\/index.php?rest_route=\/wp\/v2\/media\/50112"}],"wp:attachment":[{"href":"https:\/\/archive.sana.sy\/es\/index.php?rest_route=%2Fwp%2Fv2%2Fmedia&parent=50111"}],"wp:term":[{"taxonomy":"category","embeddable":true,"href":"https:\/\/archive.sana.sy\/es\/index.php?rest_route=%2Fwp%2Fv2%2Fcategories&post=50111"},{"taxonomy":"post_tag","embeddable":true,"href":"https:\/\/archive.sana.sy\/es\/index.php?rest_route=%2Fwp%2Fv2%2Ftags&post=50111"}],"curies":[{"name":"wp","href":"https:\/\/api.w.org\/{rel}","templated":true}]}}