{"id":50114,"date":"2016-08-23T12:37:14","date_gmt":"2016-08-23T09:37:14","guid":{"rendered":"http:\/\/www.sana.sy\/es\/?p=50114"},"modified":"2016-08-23T12:37:14","modified_gmt":"2016-08-23T09:37:14","slug":"fuerzas-de-ocupacion-israelies-detienen-a-tres-palestinos-en-cisjordania","status":"publish","type":"post","link":"https:\/\/archive.sana.sy\/es\/?p=50114","title":{"rendered":"Fuerzas de ocupaci\u00f3n israel\u00edes detienen a tres palestinos en Cisjordania"},"content":{"rendered":"<p style=\"text-align: justify\"><span style=\"color: #800000\">Jerusal\u00e9n, SANA<\/span><\/p>\n<p style=\"text-align: justify\">Las fuerzas de ocupaci\u00f3n israel\u00edes detuvieron este martes a tres palestinos durante su asalto a viviendas palestinas en las localidades de Hebr\u00f3n y Tulkarem en Cisjordania.<\/p>\n<p style=\"text-align: justify\">Asimismo, soldados sionistas entraron en un barrio de la ciudad palestina de Hebr\u00f3n, donde rompieron las puertas de las tiendas y se apoderaron de las propiedades de los ciudadanos.<\/p>\n<p style=\"text-align: justify\">En un desarrollo relacionado, decenas de colonos sionistas atacaron en la madrugada de este martes la Tumba de Jos\u00e9 en Naplusa.<\/p>\n<p style=\"text-align: justify\">Los j\u00f3venes palestinos se enfrentaron a los colonos y los arrojaron con piedras.<\/p>\n<p><span style=\"color: #0000ff\">Fady M., Hala B.<\/span><\/p>\n","protected":false},"excerpt":{"rendered":"<p>Jerusal\u00e9n, SANA Las fuerzas de ocupaci\u00f3n israel\u00edes detuvieron este martes a tres palestinos durante su asalto a viviendas palestinas en las localidades de Hebr\u00f3n y Tulkarem en Cisjordania. Asimismo, soldados sionistas entraron en un barrio de la ciudad palestina de Hebr\u00f3n, donde rompieron las puertas de las tiendas y se apoderaron de las propiedades de &hellip;<\/p>\n","protected":false},"author":1,"featured_media":50115,"comment_status":"closed","ping_status":"closed","sticky":false,"template":"","format":"standard","meta":{"footnotes":""},"categories":[456,457],"tags":[9115],"class_list":["post-50114","post","type-post","status-publish","format-standard","has-post-thumbnail","","category-arabe-internacional-politica","category-noticias-arabe-internacional-politica","tag-fuerzas-de-ocupacion-israelies-detienen-a-tres-palestinos-en-cisjordania"],"_links":{"self":[{"href":"https:\/\/archive.sana.sy\/es\/index.php?rest_route=\/wp\/v2\/posts\/50114"}],"collection":[{"href":"https:\/\/archive.sana.sy\/es\/index.php?rest_route=\/wp\/v2\/posts"}],"about":[{"href":"https:\/\/archive.sana.sy\/es\/index.php?rest_route=\/wp\/v2\/types\/post"}],"author":[{"embeddable":true,"href":"https:\/\/archive.sana.sy\/es\/index.php?rest_route=\/wp\/v2\/users\/1"}],"replies":[{"embeddable":true,"href":"https:\/\/archive.sana.sy\/es\/index.php?rest_route=%2Fwp%2Fv2%2Fcomments&post=50114"}],"version-history":[{"count":0,"href":"https:\/\/archive.sana.sy\/es\/index.php?rest_route=\/wp\/v2\/posts\/50114\/revisions"}],"wp:featuredmedia":[{"embeddable":true,"href":"https:\/\/archive.sana.sy\/es\/index.php?rest_route=\/wp\/v2\/media\/50115"}],"wp:attachment":[{"href":"https:\/\/archive.sana.sy\/es\/index.php?rest_route=%2Fwp%2Fv2%2Fmedia&parent=50114"}],"wp:term":[{"taxonomy":"category","embeddable":true,"href":"https:\/\/archive.sana.sy\/es\/index.php?rest_route=%2Fwp%2Fv2%2Fcategories&post=50114"},{"taxonomy":"post_tag","embeddable":true,"href":"https:\/\/archive.sana.sy\/es\/index.php?rest_route=%2Fwp%2Fv2%2Ftags&post=50114"}],"curies":[{"name":"wp","href":"https:\/\/api.w.org\/{rel}","templated":true}]}}