{"id":5016,"date":"2014-07-17T18:20:26","date_gmt":"2014-07-17T15:20:26","guid":{"rendered":"http:\/\/www.sana.sy\/es\/?p=5016"},"modified":"2014-07-17T19:22:03","modified_gmt":"2014-07-17T16:22:03","slug":"sirios-en-el-extranjero-reiteran-su-apoyo-a-la-patria-bajo-el-liderazgo-del-presidente-al-assad","status":"publish","type":"post","link":"https:\/\/archive.sana.sy\/es\/?p=5016","title":{"rendered":"Sirios en el extranjero reiteran su apoyo a la patria bajo el liderazgo del presidente al-Assad"},"content":{"rendered":"<p><strong>Capitales, SANA<\/strong><\/p>\n<p><strong>Los sirios en el extranjero afirmaron que el discurso pronunciado ayer por el presidente Bashar al-Assad en la ceremonia de investidura es un discurso excepcional, fuerte e integral.<\/strong><\/p>\n<p><strong>En la Rep\u00fablica Checa, la comunidad siria destac\u00f3 en un comunicado que la arenga del presidente al-Assad transmiti\u00f3 la voluntad y las aspiraciones del pueblo sirio de luchar contra el terrorismo e iniciar el proceso de la reconstrucci\u00f3n del pa\u00eds.<\/strong><\/p>\n<p><strong>Asimismo,\u00a0 la colectividad siria en Rumania resalt\u00f3 que el discurso del l\u00edder al-Assad les hizo m\u00e1s determinados a sacrificarlo todo para proteger a su patria de los esquemas hostiles.<\/strong><\/p>\n<p><strong>De igual manera, los miembros del \u201cForo por Siria\u201d y los emigrantes sirios en Hungr\u00eda pusieron de relieve que esta arenga traz\u00f3 el futuro de una nueva Siria, reconstruida en lo moral, material y social.\u00a0\u00a0 <\/strong><\/p>\n<p><strong>Asimismo aplaudieron el punto en el que el presidente enfatiz\u00f3 que no habr\u00e1 di\u00e1logo con los no patri\u00f3ticos y la oposici\u00f3n que convoc\u00f3 la ayuda de Occidente para matar al pueblo sirio y destruir su pa\u00eds.<\/strong><\/p>\n<p><strong>Por su parte, la comunidad siria en Espa\u00f1a realizaron un evento frente a nuestra embajada\u00a0 en Madrid para celebrar la asunci\u00f3n del presidente al-Assad de su tercer mandato.<\/strong><\/p>\n<p><strong>Los participantes en este evento resaltaron la importancia y fuerza del discurso pronunciado tras la prestaci\u00f3n del juramento, haciendo hincapi\u00e9 en que el mismo se considera como una declaraci\u00f3n de victoria. <\/strong><\/p>\n<p><strong>\u00a0<\/strong><\/p>\n<p>&nbsp;<\/p>\n<p><strong>Lynn A., Riyad Sh.<\/strong><\/p>\n<p><strong>\u00a0<\/strong><\/p>\n","protected":false},"excerpt":{"rendered":"<p>Capitales, SANA Los sirios en el extranjero afirmaron que el discurso pronunciado ayer por el presidente Bashar al-Assad en la ceremonia de investidura es un discurso excepcional, fuerte e integral. En la Rep\u00fablica Checa, la comunidad siria destac\u00f3 en un comunicado que la arenga del presidente al-Assad transmiti\u00f3 la voluntad y las aspiraciones del pueblo &hellip;<\/p>\n","protected":false},"author":24,"featured_media":5017,"comment_status":"closed","ping_status":"closed","sticky":false,"template":"","format":"standard","meta":{"footnotes":""},"categories":[1],"tags":[1153],"class_list":["post-5016","post","type-post","status-publish","format-standard","has-post-thumbnail","","category-news-not-sorted","tag-sirios-en-el-extranjero-reiteran-su-apoyo-a-la-patria-bajo-el-liderazgo-del-presidente-al-assad"],"_links":{"self":[{"href":"https:\/\/archive.sana.sy\/es\/index.php?rest_route=\/wp\/v2\/posts\/5016"}],"collection":[{"href":"https:\/\/archive.sana.sy\/es\/index.php?rest_route=\/wp\/v2\/posts"}],"about":[{"href":"https:\/\/archive.sana.sy\/es\/index.php?rest_route=\/wp\/v2\/types\/post"}],"author":[{"embeddable":true,"href":"https:\/\/archive.sana.sy\/es\/index.php?rest_route=\/wp\/v2\/users\/24"}],"replies":[{"embeddable":true,"href":"https:\/\/archive.sana.sy\/es\/index.php?rest_route=%2Fwp%2Fv2%2Fcomments&post=5016"}],"version-history":[{"count":0,"href":"https:\/\/archive.sana.sy\/es\/index.php?rest_route=\/wp\/v2\/posts\/5016\/revisions"}],"wp:featuredmedia":[{"embeddable":true,"href":"https:\/\/archive.sana.sy\/es\/index.php?rest_route=\/wp\/v2\/media\/5017"}],"wp:attachment":[{"href":"https:\/\/archive.sana.sy\/es\/index.php?rest_route=%2Fwp%2Fv2%2Fmedia&parent=5016"}],"wp:term":[{"taxonomy":"category","embeddable":true,"href":"https:\/\/archive.sana.sy\/es\/index.php?rest_route=%2Fwp%2Fv2%2Fcategories&post=5016"},{"taxonomy":"post_tag","embeddable":true,"href":"https:\/\/archive.sana.sy\/es\/index.php?rest_route=%2Fwp%2Fv2%2Ftags&post=5016"}],"curies":[{"name":"wp","href":"https:\/\/api.w.org\/{rel}","templated":true}]}}