{"id":50160,"date":"2016-08-23T21:52:56","date_gmt":"2016-08-23T18:52:56","guid":{"rendered":"http:\/\/www.sana.sy\/es\/?p=50160"},"modified":"2016-08-23T21:52:56","modified_gmt":"2016-08-23T18:52:56","slug":"washington-no-ha-separado-los-terroristas-de-la-oposicion-moderada-en-siria","status":"publish","type":"post","link":"https:\/\/archive.sana.sy\/es\/?p=50160","title":{"rendered":"Washington no ha separado los terroristas de la oposici\u00f3n moderada en Siria"},"content":{"rendered":"<p style=\"text-align: justify\"><span style=\"color: #800000\">Mosc\u00fa, SANA<\/span>&#8211; El Ministerio de Asuntos Exteriores de Rusia confirm\u00f3 que hasta el momento no se ha realizado la separaci\u00f3n entre los terroristas de la llamada oposici\u00f3n moderada en Siria, a pesar de la afirmaci\u00f3n de Washington a Rusia hace varios meses.<\/p>\n<p style=\"text-align: justify\">&#8220;la Federaci\u00f3n de Rusia cuenta con garant\u00edas ofrecidas por altos funcionarios de Estados Unidos sobre que Washington necesita dos semanas para la desconexi\u00f3n, la retirada o la separaci\u00f3n de la oposici\u00f3n moderada de los terroristas &#8220;, dijo La portavoz en nombre de la canciller\u00eda rusa Maria Zaj\u00e1rova.<\/p>\n<p style=\"text-align: justify\">&#8220;Mosc\u00fa recibi\u00f3 garant\u00edas de Washington en los meses de febrero y marzo de este a\u00f1o, pero Estados Unidos a\u00fan no se ha hecho la separaci\u00f3n de la &#8220;oposici\u00f3n moderada&#8221; de los terroristas en Siria y la parte rusa no conoce las razones de la incapacidad de los EE.UU. para ponerlo en pr\u00e1ctica&#8221; agrega Zaj\u00e1rova.<\/p>\n<p style=\"text-align: justify\">Zaj\u00e1rova indic\u00f3 la existencia de algunas pruebas sobre la posibilidad de que el trabajo de los expertos rusos y estadounidenses en Ginebra con respecto a Siria tenga \u00e9xito.<\/p>\n<p style=\"text-align: justify\">La portavoz del Ministerio de Asuntos Exteriores de Rusia confirm\u00f3 que el trabajo constructivo va en varios ejes en Ginebra, entre ellos los procesos diplom\u00e1ticos y militares.<\/p>\n<p><em>M.Miri<\/em><\/p>\n","protected":false},"excerpt":{"rendered":"<p>Mosc\u00fa, SANA&#8211; El Ministerio de Asuntos Exteriores de Rusia confirm\u00f3 que hasta el momento no se ha realizado la separaci\u00f3n entre los terroristas de la llamada oposici\u00f3n moderada en Siria, a pesar de la afirmaci\u00f3n de Washington a Rusia hace varios meses. &#8220;la Federaci\u00f3n de Rusia cuenta con garant\u00edas ofrecidas por altos funcionarios de Estados &hellip;<\/p>\n","protected":false},"author":1,"featured_media":50161,"comment_status":"closed","ping_status":"closed","sticky":false,"template":"","format":"standard","meta":{"footnotes":""},"categories":[467,7541],"tags":[9117],"class_list":["post-50160","post","type-post","status-publish","format-standard","has-post-thumbnail","","category-siria-y-el-mundo","category-ultimas-noticias","tag-zajarova"],"_links":{"self":[{"href":"https:\/\/archive.sana.sy\/es\/index.php?rest_route=\/wp\/v2\/posts\/50160"}],"collection":[{"href":"https:\/\/archive.sana.sy\/es\/index.php?rest_route=\/wp\/v2\/posts"}],"about":[{"href":"https:\/\/archive.sana.sy\/es\/index.php?rest_route=\/wp\/v2\/types\/post"}],"author":[{"embeddable":true,"href":"https:\/\/archive.sana.sy\/es\/index.php?rest_route=\/wp\/v2\/users\/1"}],"replies":[{"embeddable":true,"href":"https:\/\/archive.sana.sy\/es\/index.php?rest_route=%2Fwp%2Fv2%2Fcomments&post=50160"}],"version-history":[{"count":0,"href":"https:\/\/archive.sana.sy\/es\/index.php?rest_route=\/wp\/v2\/posts\/50160\/revisions"}],"wp:featuredmedia":[{"embeddable":true,"href":"https:\/\/archive.sana.sy\/es\/index.php?rest_route=\/wp\/v2\/media\/50161"}],"wp:attachment":[{"href":"https:\/\/archive.sana.sy\/es\/index.php?rest_route=%2Fwp%2Fv2%2Fmedia&parent=50160"}],"wp:term":[{"taxonomy":"category","embeddable":true,"href":"https:\/\/archive.sana.sy\/es\/index.php?rest_route=%2Fwp%2Fv2%2Fcategories&post=50160"},{"taxonomy":"post_tag","embeddable":true,"href":"https:\/\/archive.sana.sy\/es\/index.php?rest_route=%2Fwp%2Fv2%2Ftags&post=50160"}],"curies":[{"name":"wp","href":"https:\/\/api.w.org\/{rel}","templated":true}]}}