{"id":50166,"date":"2016-08-23T22:31:52","date_gmt":"2016-08-23T19:31:52","guid":{"rendered":"http:\/\/www.sana.sy\/es\/?p=50166"},"modified":"2016-08-23T22:35:06","modified_gmt":"2016-08-23T19:35:06","slug":"anunciar-una-tregua-en-alepo-esta-relacionado-con-la-disposicion-de-la-onu-para-la-entrega-de-ayudas-y-en-cooperacion-con-el-gobierno-sirio","status":"publish","type":"post","link":"https:\/\/archive.sana.sy\/es\/?p=50166","title":{"rendered":"Anunciar una tregua en Alepo esta relacionado con la disposici\u00f3n de la ONU para la entrega de ayudas y en cooperaci\u00f3n con el gobierno sirio"},"content":{"rendered":"<p style=\"text-align: justify\"><span style=\"color: #800000\">Mosc\u00fa, SANA<\/span>&#8211; El Ministerio de Defensa de Rusia inform\u00f3 de que el anuncio de la tregua humanitaria en Alepo por un per\u00edodo de 48 horas se realizar\u00e1 en coordinaci\u00f3n con el gobierno sirio y tras recibir una solicitud en este sentido por el enviado de la ONU a Siria, Staffan de Mistura, en el que confirma la voluntad de la entrega de ayudas a la ciudad.<\/p>\n<p style=\"text-align: justify\">Por su parte, Anatoly Antonov, viceministro de Defensa de Rusia, expres\u00f3 en un comunicado la voluntad de su ministro en proporcionar apoyo en la distribuci\u00f3n de la ayuda a la poblaci\u00f3n de Alepo, en cooperaci\u00f3n con el gobierno sirio en los centros humanitarios desplegados all\u00ed-<\/p>\n<p style=\"text-align: justify\">El Ministerio de Defensa de Rusia expres\u00f3 el jueves pasado su apoyo a la propuesta del enviado de la ONU a Siria Staffan de Mistura, sobre el anuncio de una tregua semanal de 48 horas en Alepo.<\/p>\n<p><em>M.Miri<\/em><\/p>\n","protected":false},"excerpt":{"rendered":"<p>Mosc\u00fa, SANA&#8211; El Ministerio de Defensa de Rusia inform\u00f3 de que el anuncio de la tregua humanitaria en Alepo por un per\u00edodo de 48 horas se realizar\u00e1 en coordinaci\u00f3n con el gobierno sirio y tras recibir una solicitud en este sentido por el enviado de la ONU a Siria, Staffan de Mistura, en el que &hellip;<\/p>\n","protected":false},"author":1,"featured_media":50168,"comment_status":"closed","ping_status":"closed","sticky":false,"template":"","format":"standard","meta":{"footnotes":""},"categories":[467],"tags":[9118],"class_list":["post-50166","post","type-post","status-publish","format-standard","has-post-thumbnail","","category-siria-y-el-mundo","tag-defensa-ruso"],"_links":{"self":[{"href":"https:\/\/archive.sana.sy\/es\/index.php?rest_route=\/wp\/v2\/posts\/50166"}],"collection":[{"href":"https:\/\/archive.sana.sy\/es\/index.php?rest_route=\/wp\/v2\/posts"}],"about":[{"href":"https:\/\/archive.sana.sy\/es\/index.php?rest_route=\/wp\/v2\/types\/post"}],"author":[{"embeddable":true,"href":"https:\/\/archive.sana.sy\/es\/index.php?rest_route=\/wp\/v2\/users\/1"}],"replies":[{"embeddable":true,"href":"https:\/\/archive.sana.sy\/es\/index.php?rest_route=%2Fwp%2Fv2%2Fcomments&post=50166"}],"version-history":[{"count":0,"href":"https:\/\/archive.sana.sy\/es\/index.php?rest_route=\/wp\/v2\/posts\/50166\/revisions"}],"wp:featuredmedia":[{"embeddable":true,"href":"https:\/\/archive.sana.sy\/es\/index.php?rest_route=\/wp\/v2\/media\/50168"}],"wp:attachment":[{"href":"https:\/\/archive.sana.sy\/es\/index.php?rest_route=%2Fwp%2Fv2%2Fmedia&parent=50166"}],"wp:term":[{"taxonomy":"category","embeddable":true,"href":"https:\/\/archive.sana.sy\/es\/index.php?rest_route=%2Fwp%2Fv2%2Fcategories&post=50166"},{"taxonomy":"post_tag","embeddable":true,"href":"https:\/\/archive.sana.sy\/es\/index.php?rest_route=%2Fwp%2Fv2%2Ftags&post=50166"}],"curies":[{"name":"wp","href":"https:\/\/api.w.org\/{rel}","templated":true}]}}