{"id":50169,"date":"2016-08-23T22:59:49","date_gmt":"2016-08-23T19:59:49","guid":{"rendered":"http:\/\/www.sana.sy\/es\/?p=50169"},"modified":"2016-08-23T22:59:49","modified_gmt":"2016-08-23T19:59:49","slug":"hassaka-vuelve-gradualmente-a-la-normalidad","status":"publish","type":"post","link":"https:\/\/archive.sana.sy\/es\/?p=50169","title":{"rendered":"Hassaka vuelve gradualmente a la \u201cnormalidad\u201d"},"content":{"rendered":"<p style=\"text-align: justify\"><span style=\"color: #800000\">Hassaka, SANA<\/span>&#8211; La vida vuelve gradualmente a su ritmo normal en la ciudad de Hassaka tras el anuncio del alto el fuego entre Las fuerzas gubernamentales sirias y las milicias kurdas &#8220;Asaish&#8221; en el marco de la preocupaci\u00f3n del gobierno sirio en conservar y proteger las vidas de los civiles en la urbe,<\/p>\n<p style=\"text-align: justify\">Seg\u00fan inform\u00f3 el corresponsal de SANA, se ha registrado una violaci\u00f3n del acuerdo por parte de los &#8220;Asaish&#8221;, pero eso no impidi\u00f3 el retorno de las familias a sus trabajaos y retomar su vida normal en la ciudad.<\/p>\n<p style=\"text-align: justify\">Una fuente de seguridad resalt\u00f3 que francotiradores de las fuerzas kurdas &#8220;Asaish&#8221; abrir\u00e1n fuego contra un agente de Fuerzas del Orden en el barrio Al-Askari, que se encuentra cerca del mercado principal, dicha violaci\u00f3n caus\u00f3 la muerte del agente.<\/p>\n<p style=\"text-align: justify\">Hasta el momento se est\u00e1 poniendo en pr\u00e1ctica todos los t\u00e9rminos del acuerdo firmado hasta terminar con todos los procesos necesarios parar volver a reabrir las carreteras e intercambiar los cad\u00e1veres de los m\u00e1rtires, adem\u00e1s del traslado de los heridos a los hospitales, as\u00ed como elaborar listas en nombres de los desaparecidos posteriormente.<\/p>\n<p style=\"text-align: justify\">El nuevo alto el fuego en Hassakeh ha comenzado a las 14:00 de este martes.<\/p>\n<p style=\"text-align: justify\">Dicho acuerdo establece entregar a los heridos y los cuerpos de los m\u00e1rtires y un canje de los retenidos a las 21:00 de este martes, adem\u00e1s de abrir la carretera de Hassaka\/Qamishli y el camino que conduce a las posiciones del ej\u00e9rcito sirio dentro y fuera de la ciudad de Hassaka.<\/p>\n<p style=\"text-align: justify\">Asimismo contempla abrir todos los caminos que conducen a la ciudad, continuar el trabajo para resolver el asunto kurdo, as\u00ed como iniciar el debate de la situaci\u00f3n de los empleados despedidos de los establecimientos gubernamentales.<\/p>\n<p><em>M.Miri<\/em><\/p>\n","protected":false},"excerpt":{"rendered":"<p>Hassaka, SANA&#8211; La vida vuelve gradualmente a su ritmo normal en la ciudad de Hassaka tras el anuncio del alto el fuego entre Las fuerzas gubernamentales sirias y las milicias kurdas &#8220;Asaish&#8221; en el marco de la preocupaci\u00f3n del gobierno sirio en conservar y proteger las vidas de los civiles en la urbe, Seg\u00fan inform\u00f3 &hellip;<\/p>\n","protected":false},"author":1,"featured_media":50170,"comment_status":"closed","ping_status":"closed","sticky":false,"template":"","format":"standard","meta":{"footnotes":""},"categories":[477,597,476,7541],"tags":[9119],"class_list":["post-50169","post","type-post","status-publish","format-standard","has-post-thumbnail","","category-noticias-edulcorantes","category-cinta-de-noticias","category-locales","category-ultimas-noticias","tag-hassaka"],"_links":{"self":[{"href":"https:\/\/archive.sana.sy\/es\/index.php?rest_route=\/wp\/v2\/posts\/50169"}],"collection":[{"href":"https:\/\/archive.sana.sy\/es\/index.php?rest_route=\/wp\/v2\/posts"}],"about":[{"href":"https:\/\/archive.sana.sy\/es\/index.php?rest_route=\/wp\/v2\/types\/post"}],"author":[{"embeddable":true,"href":"https:\/\/archive.sana.sy\/es\/index.php?rest_route=\/wp\/v2\/users\/1"}],"replies":[{"embeddable":true,"href":"https:\/\/archive.sana.sy\/es\/index.php?rest_route=%2Fwp%2Fv2%2Fcomments&post=50169"}],"version-history":[{"count":0,"href":"https:\/\/archive.sana.sy\/es\/index.php?rest_route=\/wp\/v2\/posts\/50169\/revisions"}],"wp:featuredmedia":[{"embeddable":true,"href":"https:\/\/archive.sana.sy\/es\/index.php?rest_route=\/wp\/v2\/media\/50170"}],"wp:attachment":[{"href":"https:\/\/archive.sana.sy\/es\/index.php?rest_route=%2Fwp%2Fv2%2Fmedia&parent=50169"}],"wp:term":[{"taxonomy":"category","embeddable":true,"href":"https:\/\/archive.sana.sy\/es\/index.php?rest_route=%2Fwp%2Fv2%2Fcategories&post=50169"},{"taxonomy":"post_tag","embeddable":true,"href":"https:\/\/archive.sana.sy\/es\/index.php?rest_route=%2Fwp%2Fv2%2Ftags&post=50169"}],"curies":[{"name":"wp","href":"https:\/\/api.w.org\/{rel}","templated":true}]}}