{"id":50200,"date":"2016-08-24T12:55:41","date_gmt":"2016-08-24T09:55:41","guid":{"rendered":"http:\/\/www.sana.sy\/es\/?p=50200"},"modified":"2016-08-24T12:55:41","modified_gmt":"2016-08-24T09:55:41","slug":"moscu-califica-de-histericas-las-acusaciones-occidentales-de-que-rusia-es-responsable-de-la-violencia-en-siria","status":"publish","type":"post","link":"https:\/\/archive.sana.sy\/es\/?p=50200","title":{"rendered":"Mosc\u00fa califica de hist\u00e9ricas las acusaciones occidentales de que Rusia es responsable de la violencia en Siria"},"content":{"rendered":"<p style=\"text-align: justify\"><span style=\"color: #800000\">Mosc\u00fa, SANA<\/span><\/p>\n<p style=\"text-align: justify\">El Ministerio ruso de Exteriores calific\u00f3 de hist\u00e9ricas a las acusaciones de que Rusia responde por la perpetuaci\u00f3n de la violencia en Siria.<\/p>\n<p style=\"text-align: justify\">Un comunicado de la canciller\u00eda rusa dijo que son sin fundamentos las acusaciones de que Rusia es responsable por la continua violencia en Siria&#8221;, y a\u00f1adi\u00f3 que &#8220;esta histeria medi\u00e1tica, que est\u00e1 lejos de la realidad, persigue determinados objetivos pol\u00edticos&#8221;.<\/p>\n<p style=\"text-align: justify\">El documento pidi\u00f3 los funcionario estadounidenses renunciar la ret\u00f3rica destructiva&#8221;.<\/p>\n<p style=\"text-align: justify\">Asimismo, destac\u00f3 que Rusia vuelve a reafirmar su &#8220;disposici\u00f3n a la colaboraci\u00f3n honesta y eficaz en la lucha contra la amenaza terrorista universal en Siria y en la regi\u00f3n&#8221;.<\/p>\n<p style=\"text-align: justify\">\n<p><span style=\"color: #0000ff\">Fady M., Hala B.<\/span><\/p>\n","protected":false},"excerpt":{"rendered":"<p>Mosc\u00fa, SANA El Ministerio ruso de Exteriores calific\u00f3 de hist\u00e9ricas a las acusaciones de que Rusia responde por la perpetuaci\u00f3n de la violencia en Siria. Un comunicado de la canciller\u00eda rusa dijo que son sin fundamentos las acusaciones de que Rusia es responsable por la continua violencia en Siria&#8221;, y a\u00f1adi\u00f3 que &#8220;esta histeria medi\u00e1tica, &hellip;<\/p>\n","protected":false},"author":1,"featured_media":50201,"comment_status":"closed","ping_status":"closed","sticky":false,"template":"","format":"standard","meta":{"footnotes":""},"categories":[456,457,7541],"tags":[9129],"class_list":["post-50200","post","type-post","status-publish","format-standard","has-post-thumbnail","","category-arabe-internacional-politica","category-noticias-arabe-internacional-politica","category-ultimas-noticias","tag-moscu-califica-de-histericas-las-acusaciones-occidentales-de-que-rusia-es-responsable-de-la-violencia-en-siria"],"_links":{"self":[{"href":"https:\/\/archive.sana.sy\/es\/index.php?rest_route=\/wp\/v2\/posts\/50200"}],"collection":[{"href":"https:\/\/archive.sana.sy\/es\/index.php?rest_route=\/wp\/v2\/posts"}],"about":[{"href":"https:\/\/archive.sana.sy\/es\/index.php?rest_route=\/wp\/v2\/types\/post"}],"author":[{"embeddable":true,"href":"https:\/\/archive.sana.sy\/es\/index.php?rest_route=\/wp\/v2\/users\/1"}],"replies":[{"embeddable":true,"href":"https:\/\/archive.sana.sy\/es\/index.php?rest_route=%2Fwp%2Fv2%2Fcomments&post=50200"}],"version-history":[{"count":0,"href":"https:\/\/archive.sana.sy\/es\/index.php?rest_route=\/wp\/v2\/posts\/50200\/revisions"}],"wp:featuredmedia":[{"embeddable":true,"href":"https:\/\/archive.sana.sy\/es\/index.php?rest_route=\/wp\/v2\/media\/50201"}],"wp:attachment":[{"href":"https:\/\/archive.sana.sy\/es\/index.php?rest_route=%2Fwp%2Fv2%2Fmedia&parent=50200"}],"wp:term":[{"taxonomy":"category","embeddable":true,"href":"https:\/\/archive.sana.sy\/es\/index.php?rest_route=%2Fwp%2Fv2%2Fcategories&post=50200"},{"taxonomy":"post_tag","embeddable":true,"href":"https:\/\/archive.sana.sy\/es\/index.php?rest_route=%2Fwp%2Fv2%2Ftags&post=50200"}],"curies":[{"name":"wp","href":"https:\/\/api.w.org\/{rel}","templated":true}]}}