{"id":50204,"date":"2016-08-24T14:50:28","date_gmt":"2016-08-24T11:50:28","guid":{"rendered":"http:\/\/www.sana.sy\/es\/?p=50204"},"modified":"2016-08-24T15:04:45","modified_gmt":"2016-08-24T12:04:45","slug":"siria-condena-la-intervencion-de-turquia-en-su-territorio-so-pretexto-de-combatir-la-organizacion-terrorista-del-ei","status":"publish","type":"post","link":"https:\/\/archive.sana.sy\/es\/?p=50204","title":{"rendered":"Siria condena la intervenci\u00f3n de Turqu\u00eda en su territorio so pretexto de combatir la organizaci\u00f3n terrorista del EI"},"content":{"rendered":"<p style=\"text-align: justify\"><span style=\"color: #800000\">Damasco, SANA<\/span><\/p>\n<p style=\"text-align: justify\">\nUna fuente oficial en el Ministerio de Exteriores y Emigrantes declar\u00f3 que tanques y blindados turcos han cruzado las fronteras sirio-turcas en la ma\u00f1ana de hoy hacia la ciudad de Yarablos bajo una cobertura a\u00e9rea de los cazas de la coalici\u00f3n estadounidense, encabezada por Washington,.<\/p>\n<p style=\"text-align: justify\">La fuente agreg\u00f3 que: la Rep\u00fablica \u00c1rabe Siria reitera que la lucha contra el terrorismo en el territorio sirio por cualquier parte debe efectuarse a trav\u00e9s de la coordinaci\u00f3n con el gobierno sirio y el Ej\u00e9rcito \u00c1rabe Sirio que est\u00e1 librando estas batallas desde m\u00e1s de cinco a\u00f1os, y condena a la vez esta violaci\u00f3n flagrante a su soberan\u00eda, afirmando que la lucha contra el terrorismo no debe ser con expulsar a Daesh y traer en su lugar a otras organizaciones terroristas apoyadas de forma directa por Turqu\u00eda.<\/p>\n<p style=\"text-align: justify\">La fuente a\u00f1adi\u00f3 que: lo que est\u00e1 sucediendo actualmente en Yarablos no es una lucha contra el terrorismo tal como pretende Turqu\u00eda, sino es cambiar un terrorismo por otro, y en este marco Siria exige poner fin a esta agresi\u00f3n y llama a Naciones Unidas para aplicar sus resoluciones, especialmente aquellas relacionadas con el respeto a la soberan\u00eda de los Estados y su integridad territorial, as\u00ed como insiste en la necesidad de que la parte turca y la Coalici\u00f3n estadounidense respeten las resoluciones internacionales, especialmente las relacionadas con cerrar las fronteras y secar las fuentes del terrorismo.<\/p>\n<p style=\"text-align: justify\"><span style=\"color: #0000ff\">lynn A., Hala B.<\/span><\/p>\n<p>&nbsp;<\/p>\n","protected":false},"excerpt":{"rendered":"<p>Damasco, SANA Una fuente oficial en el Ministerio de Exteriores y Emigrantes declar\u00f3 que tanques y blindados turcos han cruzado las fronteras sirio-turcas en la ma\u00f1ana de hoy hacia la ciudad de Yarablos bajo una cobertura a\u00e9rea de los cazas de la coalici\u00f3n estadounidense, encabezada por Washington,. La fuente agreg\u00f3 que: la Rep\u00fablica \u00c1rabe Siria &hellip;<\/p>\n","protected":false},"author":1,"featured_media":50205,"comment_status":"closed","ping_status":"closed","sticky":false,"template":"","format":"standard","meta":{"footnotes":""},"categories":[597,576,583],"tags":[],"class_list":["post-50204","post","type-post","status-publish","format-standard","has-post-thumbnail","","category-cinta-de-noticias","category-noticias-politicas","category-slide"],"_links":{"self":[{"href":"https:\/\/archive.sana.sy\/es\/index.php?rest_route=\/wp\/v2\/posts\/50204"}],"collection":[{"href":"https:\/\/archive.sana.sy\/es\/index.php?rest_route=\/wp\/v2\/posts"}],"about":[{"href":"https:\/\/archive.sana.sy\/es\/index.php?rest_route=\/wp\/v2\/types\/post"}],"author":[{"embeddable":true,"href":"https:\/\/archive.sana.sy\/es\/index.php?rest_route=\/wp\/v2\/users\/1"}],"replies":[{"embeddable":true,"href":"https:\/\/archive.sana.sy\/es\/index.php?rest_route=%2Fwp%2Fv2%2Fcomments&post=50204"}],"version-history":[{"count":0,"href":"https:\/\/archive.sana.sy\/es\/index.php?rest_route=\/wp\/v2\/posts\/50204\/revisions"}],"wp:featuredmedia":[{"embeddable":true,"href":"https:\/\/archive.sana.sy\/es\/index.php?rest_route=\/wp\/v2\/media\/50205"}],"wp:attachment":[{"href":"https:\/\/archive.sana.sy\/es\/index.php?rest_route=%2Fwp%2Fv2%2Fmedia&parent=50204"}],"wp:term":[{"taxonomy":"category","embeddable":true,"href":"https:\/\/archive.sana.sy\/es\/index.php?rest_route=%2Fwp%2Fv2%2Fcategories&post=50204"},{"taxonomy":"post_tag","embeddable":true,"href":"https:\/\/archive.sana.sy\/es\/index.php?rest_route=%2Fwp%2Fv2%2Ftags&post=50204"}],"curies":[{"name":"wp","href":"https:\/\/api.w.org\/{rel}","templated":true}]}}