{"id":50248,"date":"2016-08-24T21:49:30","date_gmt":"2016-08-24T18:49:30","guid":{"rendered":"http:\/\/www.sana.sy\/es\/?p=50248"},"modified":"2016-08-24T21:53:04","modified_gmt":"2016-08-24T18:53:04","slug":"tres-heridos-en-un-ataque-terroristas-contar-la-ciudad-de-damasco","status":"publish","type":"post","link":"https:\/\/archive.sana.sy\/es\/?p=50248","title":{"rendered":"Tres heridos en un ataque terroristas contar la ciudad de Damasco"},"content":{"rendered":"<p style=\"text-align: justify\"><span style=\"color: #800000\">Damasco, SANA<\/span>&#8211; En una nueva violaci\u00f3n del acuerdo del cese de hostilidades, integrantes terroristas atacaron la ciudad de Damasco con un proyectil, seg\u00fan inform\u00f3 una fuente policial.<\/p>\n<p style=\"text-align: justify\">La fuente detall\u00f3 que un proyectil de cohete lanzado por integrantes de Yaish Al-Islam, cay\u00f3 en la plaza de Al-Tahrir en la ciudad de Damasco causando heridas a tres personas y da\u00f1os materiales en la zona del impacto.<\/p>\n<p style=\"text-align: justify\">Cabe mencionar que otros ataques similares tuvieron lugar en las zonas de Mezza y Esh al-Warwar en la ciudad de Damasco, la noche del martes pasado, donde las da\u00f1os se limitaron a perdidas materiales.<\/p>\n<p><em>M.Miri<\/em><\/p>\n","protected":false},"excerpt":{"rendered":"<p>Damasco, SANA&#8211; En una nueva violaci\u00f3n del acuerdo del cese de hostilidades, integrantes terroristas atacaron la ciudad de Damasco con un proyectil, seg\u00fan inform\u00f3 una fuente policial. La fuente detall\u00f3 que un proyectil de cohete lanzado por integrantes de Yaish Al-Islam, cay\u00f3 en la plaza de Al-Tahrir en la ciudad de Damasco causando heridas a &hellip;<\/p>\n","protected":false},"author":1,"featured_media":49317,"comment_status":"closed","ping_status":"closed","sticky":false,"template":"","format":"standard","meta":{"footnotes":""},"categories":[477,597,476,7541,1],"tags":[8602],"class_list":["post-50248","post","type-post","status-publish","format-standard","has-post-thumbnail","","category-noticias-edulcorantes","category-cinta-de-noticias","category-locales","category-ultimas-noticias","category-news-not-sorted","tag-ataque"],"_links":{"self":[{"href":"https:\/\/archive.sana.sy\/es\/index.php?rest_route=\/wp\/v2\/posts\/50248"}],"collection":[{"href":"https:\/\/archive.sana.sy\/es\/index.php?rest_route=\/wp\/v2\/posts"}],"about":[{"href":"https:\/\/archive.sana.sy\/es\/index.php?rest_route=\/wp\/v2\/types\/post"}],"author":[{"embeddable":true,"href":"https:\/\/archive.sana.sy\/es\/index.php?rest_route=\/wp\/v2\/users\/1"}],"replies":[{"embeddable":true,"href":"https:\/\/archive.sana.sy\/es\/index.php?rest_route=%2Fwp%2Fv2%2Fcomments&post=50248"}],"version-history":[{"count":0,"href":"https:\/\/archive.sana.sy\/es\/index.php?rest_route=\/wp\/v2\/posts\/50248\/revisions"}],"wp:featuredmedia":[{"embeddable":true,"href":"https:\/\/archive.sana.sy\/es\/index.php?rest_route=\/wp\/v2\/media\/49317"}],"wp:attachment":[{"href":"https:\/\/archive.sana.sy\/es\/index.php?rest_route=%2Fwp%2Fv2%2Fmedia&parent=50248"}],"wp:term":[{"taxonomy":"category","embeddable":true,"href":"https:\/\/archive.sana.sy\/es\/index.php?rest_route=%2Fwp%2Fv2%2Fcategories&post=50248"},{"taxonomy":"post_tag","embeddable":true,"href":"https:\/\/archive.sana.sy\/es\/index.php?rest_route=%2Fwp%2Fv2%2Ftags&post=50248"}],"curies":[{"name":"wp","href":"https:\/\/api.w.org\/{rel}","templated":true}]}}