{"id":50250,"date":"2016-08-24T22:07:55","date_gmt":"2016-08-24T19:07:55","guid":{"rendered":"http:\/\/www.sana.sy\/es\/?p=50250"},"modified":"2016-08-24T22:19:10","modified_gmt":"2016-08-24T19:19:10","slug":"eeuu-alienta-a-turquia-a-cerrar-su-frontera-con-siria","status":"publish","type":"post","link":"https:\/\/archive.sana.sy\/es\/?p=50250","title":{"rendered":"EEUU alienta a Turqu\u00eda a cerrar su frontera con Siria"},"content":{"rendered":"<p style=\"text-align: justify\"><span style=\"color: #800000\">Washington, SANA<\/span>&#8211; El portavoz de la Casa Blanca dijo que Estados Unidos anima a Turqu\u00eda a cerrar su frontera con Siria, dicha declaraci\u00f3n viene despu\u00e9s de los Estados Unidos apoy\u00f3 la violaci\u00f3n flagrante del territorio sirio por Turqu\u00eda en el distrito de Jarabulus Distrito en la frontera sirio-turca.<\/p>\n<p style=\"text-align: justify\">El portavoz Josh Earnest, seg\u00fan la agencia de noticias Reuters, agreg\u00f3 que Estados Unidos est\u00e1 incitando a los turcos a tomar una acci\u00f3n decisiva para cerrar la frontera sirio-turca.<\/p>\n<p style=\"text-align: justify\">Turqu\u00eda a lo largo de los a\u00f1os de la guerra terrorista liberad contra Siria, ha sido cruce de integrantes terroristas hacia el territorio sirio, adem\u00e1s del gran apoyo turco a los grupos terroristas que operan en Siria.<\/p>\n<p><em>M.Miri<\/em><\/p>\n","protected":false},"excerpt":{"rendered":"<p>Washington, SANA&#8211; El portavoz de la Casa Blanca dijo que Estados Unidos anima a Turqu\u00eda a cerrar su frontera con Siria, dicha declaraci\u00f3n viene despu\u00e9s de los Estados Unidos apoy\u00f3 la violaci\u00f3n flagrante del territorio sirio por Turqu\u00eda en el distrito de Jarabulus Distrito en la frontera sirio-turca. El portavoz Josh Earnest, seg\u00fan la agencia &hellip;<\/p>\n","protected":false},"author":1,"featured_media":50252,"comment_status":"closed","ping_status":"closed","sticky":false,"template":"","format":"standard","meta":{"footnotes":""},"categories":[467,7541],"tags":[9131],"class_list":["post-50250","post","type-post","status-publish","format-standard","has-post-thumbnail","","category-siria-y-el-mundo","category-ultimas-noticias","tag-eeuu-alienta-a-turquia-a-cerrar-su-frontera-con-siria"],"_links":{"self":[{"href":"https:\/\/archive.sana.sy\/es\/index.php?rest_route=\/wp\/v2\/posts\/50250"}],"collection":[{"href":"https:\/\/archive.sana.sy\/es\/index.php?rest_route=\/wp\/v2\/posts"}],"about":[{"href":"https:\/\/archive.sana.sy\/es\/index.php?rest_route=\/wp\/v2\/types\/post"}],"author":[{"embeddable":true,"href":"https:\/\/archive.sana.sy\/es\/index.php?rest_route=\/wp\/v2\/users\/1"}],"replies":[{"embeddable":true,"href":"https:\/\/archive.sana.sy\/es\/index.php?rest_route=%2Fwp%2Fv2%2Fcomments&post=50250"}],"version-history":[{"count":0,"href":"https:\/\/archive.sana.sy\/es\/index.php?rest_route=\/wp\/v2\/posts\/50250\/revisions"}],"wp:featuredmedia":[{"embeddable":true,"href":"https:\/\/archive.sana.sy\/es\/index.php?rest_route=\/wp\/v2\/media\/50252"}],"wp:attachment":[{"href":"https:\/\/archive.sana.sy\/es\/index.php?rest_route=%2Fwp%2Fv2%2Fmedia&parent=50250"}],"wp:term":[{"taxonomy":"category","embeddable":true,"href":"https:\/\/archive.sana.sy\/es\/index.php?rest_route=%2Fwp%2Fv2%2Fcategories&post=50250"},{"taxonomy":"post_tag","embeddable":true,"href":"https:\/\/archive.sana.sy\/es\/index.php?rest_route=%2Fwp%2Fv2%2Ftags&post=50250"}],"curies":[{"name":"wp","href":"https:\/\/api.w.org\/{rel}","templated":true}]}}