{"id":50281,"date":"2016-08-25T12:00:06","date_gmt":"2016-08-25T09:00:06","guid":{"rendered":"http:\/\/www.sana.sy\/es\/?p=50281"},"modified":"2016-08-25T12:00:06","modified_gmt":"2016-08-25T09:00:06","slug":"bajo-patrocinio-del-presidente-al-assad-inaugurada-la-feria-del-libro-en-su-28a-edicion","status":"publish","type":"post","link":"https:\/\/archive.sana.sy\/es\/?p=50281","title":{"rendered":"Bajo patrocinio del presidente al Assad, inaugurada la Feria del Libro en su 28\u00aa edici\u00f3n"},"content":{"rendered":"<p><span style=\"color: #800000\">Damasco, SANA<\/span><\/p>\n<p>Bajo el patrocinio del presidente Bashar al Assad, se inaugur\u00f3 la tarde del mi\u00e9rcoles la 28\u00aa edici\u00f3n de la Feria del Libro, en la Biblioteca Nacional en la capital Damasco.<\/p>\n<p>La Vicepresidente de la Rep\u00fablica para Asuntos Culturales, Dra. Najah al-Attar inaugur\u00f3 la Feria y efectuado un recorrido por sus diferentes secciones.<\/p>\n<p><span style=\"color: #0000ff\">Al-Attar: la feria abre el camino para que la vida vuelva con fuerza y vigor a la normalidad<\/span><\/p>\n<p><img loading=\"lazy\" decoding=\"async\" class=\"alignnone size-medium wp-image-50283\" src=\"http:\/\/www.sana.sy\/es\/wp-content\/uploads\/2016\/08\/bajoo-300x184.jpg\" alt=\"bajoo\" width=\"300\" height=\"184\" srcset=\"https:\/\/archive.sana.sy\/es\/wp-content\/uploads\/2016\/08\/bajoo-300x184.jpg 300w, https:\/\/archive.sana.sy\/es\/wp-content\/uploads\/2016\/08\/bajoo-150x92.jpg 150w, https:\/\/archive.sana.sy\/es\/wp-content\/uploads\/2016\/08\/bajoo-768x471.jpg 768w, https:\/\/archive.sana.sy\/es\/wp-content\/uploads\/2016\/08\/bajoo.jpg 960w\" sizes=\"(max-width: 300px) 100vw, 300px\" \/><\/p>\n<p>En una declaraci\u00f3n a los periodistas tras la ceremonia de inauguraci\u00f3n, la vicepresidente al-Attar dijo que &#8220;esa feria constituye un evento importante en la historia de la vida cultural en Siria&#8221;, y expres\u00f3 su gratitud, reverencia y amor al Ej\u00e9rcito sirio que ha devuelto el brillo a la vida cultural de nuevo.<\/p>\n<p>Al-Attar agreg\u00f3 que &#8221; la Biblioteca Nacional que abraza a ese evento ha sufrido varios ataques terroristas, indicando que &#8220;los enemigos de Siria no s\u00f3lo buscan crear destrucci\u00f3n y caos en la vida econ\u00f3mica y pol\u00edtica sino tambi\u00e9n en la vida cient\u00edfica, literaria y cultural&#8221;.<\/p>\n<p>La vicepresidenta opin\u00f3 adem\u00e1s que la inauguraci\u00f3n de esa feria constituye una de las se\u00f1ales de victoria y abre el camino para que la vida vuelva con fuerza y vigor a la normalidad.<\/p>\n<p>&#8220;Siria sigue firme de cara a los terroristas que asesinan, queman, destruyen, roban, sabotean, violan y secuestran&#8221;, declar\u00f3.<\/p>\n<p>La vicepresidenta dijo que el mundo sabe que el pueblo sirio seguir\u00e1 respaldando a su ej\u00e9rcito y l\u00edder, y expres\u00f3 su confianza de que Siria va a salir victoriosa en esa batalla.<\/p>\n<p><span style=\"color: #000000\">Participan en la Feria 75 editoriales sirias y \u00e1rabes.<\/span><\/p>\n<p>Al margen del evento, se organizar\u00e1n actividades culturales y art\u00edsticas que incluyen seminarios literarios y el lanzamiento de libros recientemente publicados, adem\u00e1s de una exposici\u00f3n de arte pl\u00e1stico que organizar\u00e1 la Federaci\u00f3n de Artistas Pl\u00e1sticos Sirios.<\/p>\n<p>Fady M., Hala B.<\/p>\n","protected":false},"excerpt":{"rendered":"<p>Damasco, SANA Bajo el patrocinio del presidente Bashar al Assad, se inaugur\u00f3 la tarde del mi\u00e9rcoles la 28\u00aa edici\u00f3n de la Feria del Libro, en la Biblioteca Nacional en la capital Damasco. La Vicepresidente de la Rep\u00fablica para Asuntos Culturales, Dra. Najah al-Attar inaugur\u00f3 la Feria y efectuado un recorrido por sus diferentes secciones. Al-Attar: &hellip;<\/p>\n","protected":false},"author":1,"featured_media":50282,"comment_status":"closed","ping_status":"closed","sticky":false,"template":"","format":"standard","meta":{"footnotes":""},"categories":[477,476,583],"tags":[],"class_list":["post-50281","post","type-post","status-publish","format-standard","has-post-thumbnail","","category-noticias-edulcorantes","category-locales","category-slide"],"_links":{"self":[{"href":"https:\/\/archive.sana.sy\/es\/index.php?rest_route=\/wp\/v2\/posts\/50281"}],"collection":[{"href":"https:\/\/archive.sana.sy\/es\/index.php?rest_route=\/wp\/v2\/posts"}],"about":[{"href":"https:\/\/archive.sana.sy\/es\/index.php?rest_route=\/wp\/v2\/types\/post"}],"author":[{"embeddable":true,"href":"https:\/\/archive.sana.sy\/es\/index.php?rest_route=\/wp\/v2\/users\/1"}],"replies":[{"embeddable":true,"href":"https:\/\/archive.sana.sy\/es\/index.php?rest_route=%2Fwp%2Fv2%2Fcomments&post=50281"}],"version-history":[{"count":0,"href":"https:\/\/archive.sana.sy\/es\/index.php?rest_route=\/wp\/v2\/posts\/50281\/revisions"}],"wp:featuredmedia":[{"embeddable":true,"href":"https:\/\/archive.sana.sy\/es\/index.php?rest_route=\/wp\/v2\/media\/50282"}],"wp:attachment":[{"href":"https:\/\/archive.sana.sy\/es\/index.php?rest_route=%2Fwp%2Fv2%2Fmedia&parent=50281"}],"wp:term":[{"taxonomy":"category","embeddable":true,"href":"https:\/\/archive.sana.sy\/es\/index.php?rest_route=%2Fwp%2Fv2%2Fcategories&post=50281"},{"taxonomy":"post_tag","embeddable":true,"href":"https:\/\/archive.sana.sy\/es\/index.php?rest_route=%2Fwp%2Fv2%2Ftags&post=50281"}],"curies":[{"name":"wp","href":"https:\/\/api.w.org\/{rel}","templated":true}]}}