{"id":5031,"date":"2014-07-17T23:19:40","date_gmt":"2014-07-17T20:19:40","guid":{"rendered":"http:\/\/www.sana.sy\/es\/?p=5031"},"modified":"2023-01-09T14:10:44","modified_gmt":"2023-01-09T12:10:44","slug":"el-ministro-de-justicia-siria-determinada-a-acabar-con-el-terrorismo","status":"publish","type":"post","link":"https:\/\/archive.sana.sy\/es\/?p=5031","title":{"rendered":"El ministro de Justicia: Siria determinada a acabar con el terrorismo"},"content":{"rendered":"<p><span>Deir Ezzor-SANA<\/span><\/p>\n<p>El Ministro de Justicia Najm al-Ahmad dijo que Siria seguir\u00e1 haciendo frente al terrorismo hasta restaurar la seguridad y la estabilidad en todo el territorio nacional, agregando que Siria saldr\u00e1 victoriosa en la guerra devastada en su contra.<\/p>\n<p>Al-Ahmad, hizo estas declaraciones durante su reuni\u00f3n con los directores de las direcciones estatales y figuras econ\u00f3micas y sociales en Deir Ezzor.<\/p>\n<p>El ministro llam\u00f3 los hijos de la provincia de Dier Ezzor a aunar los esfuerzos y a jugar un papel activo en el proceso de reconciliaci\u00f3n nacional.<\/p>\n<p>Las intervenciones de los participantes en la reuni\u00f3n, se centraron en la importancia de activar los comit\u00e9s de reconciliaci\u00f3n nacional en la provincia y de entregar la ayuda humanitaria a las personas quienes m\u00e1s la necesitan.<\/p>\n<p><span style=\"color: #333399\">Yamil K.<\/span><\/p>\n","protected":false},"excerpt":{"rendered":"<p>Deir Ezzor-SANA El Ministro de Justicia Najm al-Ahmad dijo que Siria seguir\u00e1 haciendo frente al terrorismo hasta restaurar la seguridad y la estabilidad en todo el territorio nacional, agregando que Siria saldr\u00e1 victoriosa en la guerra devastada en su contra. Al-Ahmad, hizo estas declaraciones durante su reuni\u00f3n con los directores de las direcciones estatales y &hellip;<\/p>\n","protected":false},"author":1,"featured_media":5032,"comment_status":"closed","ping_status":"closed","sticky":false,"template":"","format":"standard","meta":{"footnotes":""},"categories":[447,476],"tags":[],"class_list":["post-5031","post","type-post","status-publish","format-standard","has-post-thumbnail","","category-local-politica","category-locales"],"_links":{"self":[{"href":"https:\/\/archive.sana.sy\/es\/index.php?rest_route=\/wp\/v2\/posts\/5031"}],"collection":[{"href":"https:\/\/archive.sana.sy\/es\/index.php?rest_route=\/wp\/v2\/posts"}],"about":[{"href":"https:\/\/archive.sana.sy\/es\/index.php?rest_route=\/wp\/v2\/types\/post"}],"author":[{"embeddable":true,"href":"https:\/\/archive.sana.sy\/es\/index.php?rest_route=\/wp\/v2\/users\/1"}],"replies":[{"embeddable":true,"href":"https:\/\/archive.sana.sy\/es\/index.php?rest_route=%2Fwp%2Fv2%2Fcomments&post=5031"}],"version-history":[{"count":0,"href":"https:\/\/archive.sana.sy\/es\/index.php?rest_route=\/wp\/v2\/posts\/5031\/revisions"}],"wp:featuredmedia":[{"embeddable":true,"href":"https:\/\/archive.sana.sy\/es\/index.php?rest_route=\/wp\/v2\/media\/5032"}],"wp:attachment":[{"href":"https:\/\/archive.sana.sy\/es\/index.php?rest_route=%2Fwp%2Fv2%2Fmedia&parent=5031"}],"wp:term":[{"taxonomy":"category","embeddable":true,"href":"https:\/\/archive.sana.sy\/es\/index.php?rest_route=%2Fwp%2Fv2%2Fcategories&post=5031"},{"taxonomy":"post_tag","embeddable":true,"href":"https:\/\/archive.sana.sy\/es\/index.php?rest_route=%2Fwp%2Fv2%2Ftags&post=5031"}],"curies":[{"name":"wp","href":"https:\/\/api.w.org\/{rel}","templated":true}]}}