{"id":50397,"date":"2016-08-26T19:16:27","date_gmt":"2016-08-26T16:16:27","guid":{"rendered":"http:\/\/www.sana.sy\/es\/?p=50397"},"modified":"2016-08-26T23:00:34","modified_gmt":"2016-08-26T20:00:34","slug":"intercambio-de-secuestrados-y-retenidos-en-el-marco-del-alto-el-fuego-en-al-hasaka","status":"publish","type":"post","link":"https:\/\/archive.sana.sy\/es\/?p=50397","title":{"rendered":"Intercambio de secuestrados y retenidos en el marco del alto el fuego en Al Hasaka"},"content":{"rendered":"<p><span style=\"color: #800000;\">Al Hasaka- SANA<\/span><\/p>\n<p>En el marco del alto el fuego, las autoridades competentes dejaron en libertad a 10 arrestados y recibieron a los secuestrados por las fuerzas de Asaish (Brazo Armado del Partido de Trabajadores de Kurdist\u00e1n) que hab\u00edan secuestrado de diferentes partes de la ciudad, en su intento de tomar el control de Al Hasaka.<\/p>\n<p>El mi\u00e9rcoles pasado, se intercambiaron cad\u00e1veres de m\u00e1rtires y heridos, adem\u00e1s de abrir la carretera de Hasaka- Qamishli, mientras que las Instituciones de Servicio pusieron en marcha las panader\u00edas, y arreglaron los da\u00f1os que afectaron a la infraestructura por la agresi\u00f3n de Asaish.<\/p>\n<p>Unidades de las Fuerzas Armadas mantienen su presencia en la ciudad de Al Hasaka con el fin de proteger a los ciudadanos y garantizar los necesidades b\u00e1sicas.<\/p>\n<p>&nbsp;<\/p>\n<p>&nbsp;<\/p>\n<p>&nbsp;<br \/>\n<span style=\"color: #0000ff;\">Akram. S<\/span><\/p>\n","protected":false},"excerpt":{"rendered":"<p>Al Hasaka- SANA En el marco del alto el fuego, las autoridades competentes dejaron en libertad a 10 arrestados y recibieron a los secuestrados por las fuerzas de Asaish (Brazo Armado del Partido de Trabajadores de Kurdist\u00e1n) que hab\u00edan secuestrado de diferentes partes de la ciudad, en su intento de tomar el control de Al &hellip;<\/p>\n","protected":false},"author":1,"featured_media":50398,"comment_status":"closed","ping_status":"closed","sticky":false,"template":"","format":"standard","meta":{"footnotes":""},"categories":[597,573,583,7541],"tags":[],"class_list":["post-50397","post","type-post","status-publish","format-standard","has-post-thumbnail","","category-cinta-de-noticias","category-la-realidad-de-los-acontecimientos-en-siria","category-slide","category-ultimas-noticias"],"_links":{"self":[{"href":"https:\/\/archive.sana.sy\/es\/index.php?rest_route=\/wp\/v2\/posts\/50397"}],"collection":[{"href":"https:\/\/archive.sana.sy\/es\/index.php?rest_route=\/wp\/v2\/posts"}],"about":[{"href":"https:\/\/archive.sana.sy\/es\/index.php?rest_route=\/wp\/v2\/types\/post"}],"author":[{"embeddable":true,"href":"https:\/\/archive.sana.sy\/es\/index.php?rest_route=\/wp\/v2\/users\/1"}],"replies":[{"embeddable":true,"href":"https:\/\/archive.sana.sy\/es\/index.php?rest_route=%2Fwp%2Fv2%2Fcomments&post=50397"}],"version-history":[{"count":0,"href":"https:\/\/archive.sana.sy\/es\/index.php?rest_route=\/wp\/v2\/posts\/50397\/revisions"}],"wp:featuredmedia":[{"embeddable":true,"href":"https:\/\/archive.sana.sy\/es\/index.php?rest_route=\/wp\/v2\/media\/50398"}],"wp:attachment":[{"href":"https:\/\/archive.sana.sy\/es\/index.php?rest_route=%2Fwp%2Fv2%2Fmedia&parent=50397"}],"wp:term":[{"taxonomy":"category","embeddable":true,"href":"https:\/\/archive.sana.sy\/es\/index.php?rest_route=%2Fwp%2Fv2%2Fcategories&post=50397"},{"taxonomy":"post_tag","embeddable":true,"href":"https:\/\/archive.sana.sy\/es\/index.php?rest_route=%2Fwp%2Fv2%2Ftags&post=50397"}],"curies":[{"name":"wp","href":"https:\/\/api.w.org\/{rel}","templated":true}]}}