{"id":50486,"date":"2016-08-28T15:48:25","date_gmt":"2016-08-28T12:48:25","guid":{"rendered":"http:\/\/www.sana.sy\/es\/?p=50486"},"modified":"2016-08-28T19:34:31","modified_gmt":"2016-08-28T16:34:31","slug":"decenas-de-victimas-civiles-en-la-agresion-continua-de-erdogan-contra-la-zona-de-yarablus-al-nortede-alepo","status":"publish","type":"post","link":"https:\/\/archive.sana.sy\/es\/?p=50486","title":{"rendered":"Decenas de v\u00edctimas civiles en la agresi\u00f3n continua de Erdog\u00e1n contra la zona de Yarablus al norte de Alepo"},"content":{"rendered":"<p style=\"text-align: justify\"><span style=\"color: #800000\">Alepo, SANA<\/span><\/p>\n<p style=\"text-align: justify\">El r\u00e9gimen de Erdog\u00e1n contin\u00faa su violaci\u00f3n de la soberan\u00eda siria y el derecho internacional en el campo norte\u00f1o de Alepo con el pretexto de combatir a la organizaci\u00f3n terrorista de Daesh, de esta forma sus tropas ca\u00f1onearon varias localidades lo cual caus\u00f3 decenas de v\u00edctimas civiles.<\/p>\n<p style=\"text-align: justify\">Fuentes locales y medios de prensa confirmaron la muerte de 20 civiles mientras que otros 50 resultaron heridos en un bombardeo artillero y a\u00e9reo realizado por el r\u00e9gimen turco contra el poblado de Yeb Kusa situado al sur de la ciudad fronteriza de Yarablus.<\/p>\n<p style=\"text-align: justify\"><span style=\"color: #0000ff\">Riad sh ., Hala B.<\/span><\/p>\n","protected":false},"excerpt":{"rendered":"<p>Alepo, SANA El r\u00e9gimen de Erdog\u00e1n contin\u00faa su violaci\u00f3n de la soberan\u00eda siria y el derecho internacional en el campo norte\u00f1o de Alepo con el pretexto de combatir a la organizaci\u00f3n terrorista de Daesh, de esta forma sus tropas ca\u00f1onearon varias localidades lo cual caus\u00f3 decenas de v\u00edctimas civiles. Fuentes locales y medios de prensa &hellip;<\/p>\n","protected":false},"author":1,"featured_media":50494,"comment_status":"closed","ping_status":"closed","sticky":false,"template":"","format":"standard","meta":{"footnotes":""},"categories":[597,573,583,7541],"tags":[9151],"class_list":["post-50486","post","type-post","status-publish","format-standard","has-post-thumbnail","","category-cinta-de-noticias","category-la-realidad-de-los-acontecimientos-en-siria","category-slide","category-ultimas-noticias","tag-decenas-de-victimas-civiles-en-la-agresion-continua-de-erdogan-contra-la-zona-de-yarablus-al-nortede-alepo"],"_links":{"self":[{"href":"https:\/\/archive.sana.sy\/es\/index.php?rest_route=\/wp\/v2\/posts\/50486"}],"collection":[{"href":"https:\/\/archive.sana.sy\/es\/index.php?rest_route=\/wp\/v2\/posts"}],"about":[{"href":"https:\/\/archive.sana.sy\/es\/index.php?rest_route=\/wp\/v2\/types\/post"}],"author":[{"embeddable":true,"href":"https:\/\/archive.sana.sy\/es\/index.php?rest_route=\/wp\/v2\/users\/1"}],"replies":[{"embeddable":true,"href":"https:\/\/archive.sana.sy\/es\/index.php?rest_route=%2Fwp%2Fv2%2Fcomments&post=50486"}],"version-history":[{"count":0,"href":"https:\/\/archive.sana.sy\/es\/index.php?rest_route=\/wp\/v2\/posts\/50486\/revisions"}],"wp:featuredmedia":[{"embeddable":true,"href":"https:\/\/archive.sana.sy\/es\/index.php?rest_route=\/wp\/v2\/media\/50494"}],"wp:attachment":[{"href":"https:\/\/archive.sana.sy\/es\/index.php?rest_route=%2Fwp%2Fv2%2Fmedia&parent=50486"}],"wp:term":[{"taxonomy":"category","embeddable":true,"href":"https:\/\/archive.sana.sy\/es\/index.php?rest_route=%2Fwp%2Fv2%2Fcategories&post=50486"},{"taxonomy":"post_tag","embeddable":true,"href":"https:\/\/archive.sana.sy\/es\/index.php?rest_route=%2Fwp%2Fv2%2Ftags&post=50486"}],"curies":[{"name":"wp","href":"https:\/\/api.w.org\/{rel}","templated":true}]}}