{"id":50698,"date":"2016-08-31T21:54:35","date_gmt":"2016-08-31T18:54:35","guid":{"rendered":"http:\/\/www.sana.sy\/es\/?p=50698"},"modified":"2016-08-31T22:36:55","modified_gmt":"2016-08-31T19:36:55","slug":"fuerzas-armadas-recuperan-el-control-de-nuevas-zonas-estrategicas-en-alepo-y-repelen-ataques-de-los-terroristas-en-hama","status":"publish","type":"post","link":"https:\/\/archive.sana.sy\/es\/?p=50698","title":{"rendered":"Fuerzas Armadas recuperan el control de nuevas zonas estrat\u00e9gicas en Alepo y repelen ataques de los terroristas en Hama"},"content":{"rendered":"<p style=\"text-align: justify\"><span style=\"color: #800000\">Provincias, SANA<\/span><\/p>\n<p style=\"text-align: justify\">Unidades del Ej\u00e9rcito y las Fuerzas Armadas han intensificado sus operativos militares contra las concentraciones de los grupos terroristas en diferentes zonas del territorio nacional.<\/p>\n<p style=\"text-align: justify\">En el norte del pa\u00eds, unidades militares del Ej\u00e9rcito y sus aliados retomaron el control de la estrat\u00e9gica colina Karasi y de las localidades de Amara y Branda, tras duros enfrentamientos con los grupos terroristas del denominado Ej\u00e9rcito de Conquista.<\/p>\n<p style=\"text-align: justify\">Seg\u00fan inform\u00f3 una fuente militar, los terroristas sufrieron cuantiosas p\u00e9rdidas, tanto humanas como materiales.<\/p>\n<p style=\"text-align: justify\">En el mismo contexto, los soldados atrincherados en la Academia A\u00e9rea en Alepo repelieron un ataque de los terroristas del Estado Isl\u00e1mico y le destruyeron dos veh\u00edculos equipados con ametralladoras pesadas en la periferia de la academia.<\/p>\n<p style=\"text-align: justify\"><span style=\"color: #0000ff\">Deraa<\/span><\/p>\n<p style=\"text-align: justify\">En la ciudad\u00a0sure\u00f1a de Deraa, las Fuerzas Armadas han continuado sus operativos antiterroristas, donde destruyeron sedes y veh\u00edculos artillados de terroristas en los barrios de Deraa al-Balad y Deraa al-Mahatta.<\/p>\n<p style=\"text-align: justify\">Homs<\/p>\n<p style=\"text-align: justify\">De igual manera, los cazabombarderos del Ej\u00e9rcito sirio lanzaron incursiones contra los terroristas del Estado Isl\u00e1mico en la zona de los silos A 15 km al este de Palmira.<\/p>\n<p style=\"text-align: justify\">Asimismo, una sede de los terroristas qued\u00f3 totalmente destruida en un bombardeo con artiller\u00eda del Ej\u00e9rcito contra la ciudad de Rsatan al norte de la ciudad de Homs.<\/p>\n<p><span style=\"color: #0000ff\">Hama<\/span><\/p>\n<p>Asimismo, los uniformados sirios libraron feroces enfrentamientos contra los grupos terroristas en la periferia de las localidades de al-Buaida y Maarkaba en el campo norte\u00f1o de Hama.<\/p>\n<p>Los operativos causaron la eliminaci\u00f3n de 50 terroristas y la herida de al menos otros 70, adem\u00e1s de la destrucci\u00f3n de dos tanques.<\/p>\n<p style=\"text-align: justify\">En el mismo contexto, tropas del ej\u00e9rcito en cooperaci\u00f3n con grupos de la defensa popular abatieron una ofensiva terrorista en las inmediaciones de la localidad de Souran y destruyeron dos tanques de los atacantes.<\/p>\n<p style=\"text-align: justify\">Al oeste de la localidad de Tibet Al-Imam, unidades del ej\u00e9rcito dirigieron fuertes bombardeos contra agrupaciones terroristas, infligiendo significativas p\u00e9rdidas en sus filas, tanto humanas como materiales, confirm\u00f3 una fuente militar.<\/p>\n<p><span style=\"color: #0000ff\">Idleb<\/span><\/p>\n<p>Mientras tanto, los cazas sirios asestaron duros golpes a sedes de\u00a0terroristas de Yaish al-Fateh (Ej\u00e9rcito de Conquista) en los pueblos de al-Yanudiya, Binnesh y Armanaz en los campos oeste y noroeste de Idleb.<\/p>\n<p>Los operativos se saldaron con la muerte de un n\u00famero de terroristas y destrucci\u00f3n de tres sedes y algunos veh\u00edculos artillados suyos.<\/p>\n<p><span style=\"color: #0000ff\">Deir Ezzor<\/span><\/p>\n<p>El noreste del pa\u00eds, la aviaci\u00f3n militar siria realiz\u00f3 una serie de vuelos contra posiciones de terroristas del Estado Isl\u00e1mico en el campo este de Deir Ezzor.<\/p>\n<p>Dichos operativos causaron la destrucci\u00f3n de un campo, una instalaci\u00f3n para la fabricaci\u00f3n de los artefactos explosivos, un almac\u00e9n de armas de los terroristas en la ciudad de Hayin situada a 110 km al este de la ciudad de Deir Ezzor.<\/p>\n<p>Anteriormente, el reportero de SANA inform\u00f3 que una unidad del ej\u00e9rcito bombarde\u00f3 a dos coches bomba conducidos por terroristas del EI mientras se dirig\u00edan hacia un puesto militar en el barrio de al-Muazafin en el lado sure\u00f1o de la ciudad de Deir Ezzor.<\/p>\n<p>&nbsp;<\/p>\n<p><span style=\"color: #0000ff\">Fady M., Hala B., Lynn A., M Miri.<\/span><\/p>\n","protected":false},"excerpt":{"rendered":"<p>Provincias, SANA Unidades del Ej\u00e9rcito y las Fuerzas Armadas han intensificado sus operativos militares contra las concentraciones de los grupos terroristas en diferentes zonas del territorio nacional. En el norte del pa\u00eds, unidades militares del Ej\u00e9rcito y sus aliados retomaron el control de la estrat\u00e9gica colina Karasi y de las localidades de Amara y Branda, &hellip;<\/p>\n","protected":false},"author":1,"featured_media":50699,"comment_status":"closed","ping_status":"closed","sticky":false,"template":"","format":"standard","meta":{"footnotes":""},"categories":[573,583],"tags":[],"class_list":["post-50698","post","type-post","status-publish","format-standard","has-post-thumbnail","","category-la-realidad-de-los-acontecimientos-en-siria","category-slide"],"_links":{"self":[{"href":"https:\/\/archive.sana.sy\/es\/index.php?rest_route=\/wp\/v2\/posts\/50698"}],"collection":[{"href":"https:\/\/archive.sana.sy\/es\/index.php?rest_route=\/wp\/v2\/posts"}],"about":[{"href":"https:\/\/archive.sana.sy\/es\/index.php?rest_route=\/wp\/v2\/types\/post"}],"author":[{"embeddable":true,"href":"https:\/\/archive.sana.sy\/es\/index.php?rest_route=\/wp\/v2\/users\/1"}],"replies":[{"embeddable":true,"href":"https:\/\/archive.sana.sy\/es\/index.php?rest_route=%2Fwp%2Fv2%2Fcomments&post=50698"}],"version-history":[{"count":0,"href":"https:\/\/archive.sana.sy\/es\/index.php?rest_route=\/wp\/v2\/posts\/50698\/revisions"}],"wp:featuredmedia":[{"embeddable":true,"href":"https:\/\/archive.sana.sy\/es\/index.php?rest_route=\/wp\/v2\/media\/50699"}],"wp:attachment":[{"href":"https:\/\/archive.sana.sy\/es\/index.php?rest_route=%2Fwp%2Fv2%2Fmedia&parent=50698"}],"wp:term":[{"taxonomy":"category","embeddable":true,"href":"https:\/\/archive.sana.sy\/es\/index.php?rest_route=%2Fwp%2Fv2%2Fcategories&post=50698"},{"taxonomy":"post_tag","embeddable":true,"href":"https:\/\/archive.sana.sy\/es\/index.php?rest_route=%2Fwp%2Fv2%2Ftags&post=50698"}],"curies":[{"name":"wp","href":"https:\/\/api.w.org\/{rel}","templated":true}]}}