{"id":50774,"date":"2016-09-01T22:19:01","date_gmt":"2016-09-01T19:19:01","guid":{"rendered":"http:\/\/www.sana.sy\/es\/?p=50774"},"modified":"2016-09-01T22:22:44","modified_gmt":"2016-09-01T19:22:44","slug":"al-assad-las-organizaciones-y-los-sindicatos-arabes-juegan-un-papel-importante-en-esta-etapa-crucial-de-la-historia-de-la-region","status":"publish","type":"post","link":"https:\/\/archive.sana.sy\/es\/?p=50774","title":{"rendered":"Al-Assad: las organizaciones y los sindicatos \u00e1rabes juegan un papel importante en esta etapa crucial de la historia de la regi\u00f3n"},"content":{"rendered":"<p>Damasco-SANA<\/p>\n<p>El presidente Bashar Al-Assad ha destacado que las organizaciones y los sindicatos \u00e1rabes juegan un papel importante en esta etapa crucial de la historia de la regi\u00f3n.<\/p>\n<p>Al-Assad dijo durante su reuni\u00f3n con una delegaci\u00f3n de la Secretaria General de la Uni\u00f3n Internacional de Sindicatos de Trabajadores \u00c1rabes, presidida por Ghasan Ghosen, que \u00a8lo que m\u00e1s aterroriza a los pa\u00edses occidentales son los principios y la adhesi\u00f3n a la identidad de los ciudadanos \u00e1rabes, por tanto esos conceptos deben ser encarnados por las organizaciones \u00e1rabes, ya que representan a sus pueblos.<\/p>\n<p>Las conversaciones abordaron el papel asignado a las organizaciones y sindicatos populares, especialmente a la luz de las crisis que atraviesa la regi\u00f3n \u00e1rabe.<\/p>\n<p>Los miembros de la delegaci\u00f3n afirmaron que su organizaci\u00f3n lucha por la dignidad del ser humano \u00e1rabe y defiende sus derechos, y por ende respalda al pueblo sirio frente a la guerra barbar\u00e1 y terrorista desatada en su contra as\u00ed como frente al injusto bloqueo impuesto sobre \u00e9l.<\/p>\n<p>Asimismo se\u00f1alaron que a pesar de los intentos encaminados a dividir la Uni\u00f3n General, esta organizaci\u00f3n sigue afrontando al colonialismo econ\u00f3mico que algunos pa\u00edses intentan de imponer sobre la regi\u00f3n y trabaja para una verdadera asociaci\u00f3n \u00e1rabe a fin de erradicar la pobreza y el desempleo.<\/p>\n<p>Yamil K.<\/p>\n","protected":false},"excerpt":{"rendered":"<p>Damasco-SANA El presidente Bashar Al-Assad ha destacado que las organizaciones y los sindicatos \u00e1rabes juegan un papel importante en esta etapa crucial de la historia de la regi\u00f3n. Al-Assad dijo durante su reuni\u00f3n con una delegaci\u00f3n de la Secretaria General de la Uni\u00f3n Internacional de Sindicatos de Trabajadores \u00c1rabes, presidida por Ghasan Ghosen, que \u00a8lo &hellip;<\/p>\n","protected":false},"author":1,"featured_media":50775,"comment_status":"closed","ping_status":"closed","sticky":false,"template":"","format":"standard","meta":{"footnotes":""},"categories":[583,626],"tags":[],"class_list":["post-50774","post","type-post","status-publish","format-standard","has-post-thumbnail","","category-slide","category-sr-presidente"],"_links":{"self":[{"href":"https:\/\/archive.sana.sy\/es\/index.php?rest_route=\/wp\/v2\/posts\/50774"}],"collection":[{"href":"https:\/\/archive.sana.sy\/es\/index.php?rest_route=\/wp\/v2\/posts"}],"about":[{"href":"https:\/\/archive.sana.sy\/es\/index.php?rest_route=\/wp\/v2\/types\/post"}],"author":[{"embeddable":true,"href":"https:\/\/archive.sana.sy\/es\/index.php?rest_route=\/wp\/v2\/users\/1"}],"replies":[{"embeddable":true,"href":"https:\/\/archive.sana.sy\/es\/index.php?rest_route=%2Fwp%2Fv2%2Fcomments&post=50774"}],"version-history":[{"count":0,"href":"https:\/\/archive.sana.sy\/es\/index.php?rest_route=\/wp\/v2\/posts\/50774\/revisions"}],"wp:featuredmedia":[{"embeddable":true,"href":"https:\/\/archive.sana.sy\/es\/index.php?rest_route=\/wp\/v2\/media\/50775"}],"wp:attachment":[{"href":"https:\/\/archive.sana.sy\/es\/index.php?rest_route=%2Fwp%2Fv2%2Fmedia&parent=50774"}],"wp:term":[{"taxonomy":"category","embeddable":true,"href":"https:\/\/archive.sana.sy\/es\/index.php?rest_route=%2Fwp%2Fv2%2Fcategories&post=50774"},{"taxonomy":"post_tag","embeddable":true,"href":"https:\/\/archive.sana.sy\/es\/index.php?rest_route=%2Fwp%2Fv2%2Ftags&post=50774"}],"curies":[{"name":"wp","href":"https:\/\/api.w.org\/{rel}","templated":true}]}}