{"id":50797,"date":"2016-09-02T19:59:40","date_gmt":"2016-09-02T16:59:40","guid":{"rendered":"http:\/\/www.sana.sy\/es\/?p=50797"},"modified":"2016-09-02T20:04:43","modified_gmt":"2016-09-02T17:04:43","slug":"el-ejercito-retoma-el-control-de-una-posicion-en-daraa-la-fuerza-aerea-intensifica-sus-ataques-en-hama","status":"publish","type":"post","link":"https:\/\/archive.sana.sy\/es\/?p=50797","title":{"rendered":"El ej\u00e9rcito retoma el control de una posici\u00f3n en Daraa, la Fuerza A\u00e9rea intensifica sus ataques en Hama"},"content":{"rendered":"<p style=\"text-align: justify;\"><span style=\"color: #800000;\">Provincias, SANA<\/span> &#8211; El Ej\u00e9rcito \u00e1rabe Sirio ha librado este viernes operaciones militares contra posiciones de los terroristas en varias \u00e1reas, bombardeando sus objetivos y causando bajas y p\u00e9rdidas materiales en sus filas.<\/p>\n<p style=\"text-align: justify;\"><span style=\"color: #0000ff;\">Daraa<\/span><\/p>\n<p style=\"text-align: justify;\">Una fuente militar anunci\u00f3 el viernes que una unidad del ej\u00e9rcito tom\u00f3 el control del batall\u00f3n ubicado al este de la ciudad Ibtaa en el campo de Daraa despu\u00e9s de infligir enormes p\u00e9rdidas en las filas de los terroristas, tanto humanas como materilaes.<\/p>\n<p style=\"text-align: justify;\">Asimismo, una fuerza de operaciones especiales del ej\u00e9rcito arras\u00f3 por completo a un escondite terrorista al noreste de la ciudad de al-Yadouda en el campo occidental de la provincia de Daraa.<\/p>\n<p style=\"text-align: justify;\">La fuente agreg\u00f3 que las unidades del ej\u00e9rcito destruyeron dos centros de mando para las organizaciones terroristas, con las municiones en el interior, en el barrio de Tariq Al Sad y al sur de Souq al-Hal en la zona de Daraa al-Balad en la ciudad de Daraa.<\/p>\n<p style=\"text-align: justify;\"><span style=\"color: #0000ff;\">Hama<\/span><\/p>\n<p style=\"text-align: justify;\">En el campo norte\u00f1o de la provincia c\u00e9ntrica de Hama, la Fuerza A\u00e9rea Siria destruy\u00f3 tres tanques, un lanzador de cohetes, decenas de veh\u00edculos de las organizaciones terroristas y mat\u00f3 a un gran n\u00famero de sus miembros en los pueblos de Maardas, Souran, al-Zalaqiyat, Atshan, Kafr Zita, la colina de al-Zaatar, al-Latamina y en la carrtera de Kawlab-Souran en el campo norte de Hama.<\/p>\n<p style=\"text-align: justify;\">Un convoy de veh\u00edculos para los terroristas tambi\u00e9n ha quedado destruido por los ataques a\u00e9reos del ej\u00e9rcito en la carretera que une el T\u00edbet al-Imam-Hilfaya-al-Latamina, dejando varios muertos y heridos entre las filas de los terroristas.<\/p>\n<p style=\"text-align: justify;\"><span style=\"color: #0000ff;\">Damasco-Campo<\/span><\/p>\n<p>Unidades del Ej\u00e9rcito destruyen dos tanques y aniquilan a varios terroristas, adem\u00e1s de frustrar intento de infiltraci\u00f3n de terroristas para atacar puntos militares en la zona de la Colina de al Sawan, las Fincas de al Rayhan\/ Maydaa, en la Guta oriental en las afueras de Damasco.<\/p>\n<p>&nbsp;<\/p>\n<p>&nbsp;<\/p>\n<p>&nbsp;<\/p>\n<p><span style=\"color: #0000ff;\">M.Miri, Akram. S<\/span><\/p>\n","protected":false},"excerpt":{"rendered":"<p>Provincias, SANA &#8211; El Ej\u00e9rcito \u00e1rabe Sirio ha librado este viernes operaciones militares contra posiciones de los terroristas en varias \u00e1reas, bombardeando sus objetivos y causando bajas y p\u00e9rdidas materiales en sus filas. Daraa Una fuente militar anunci\u00f3 el viernes que una unidad del ej\u00e9rcito tom\u00f3 el control del batall\u00f3n ubicado al este de la &hellip;<\/p>\n","protected":false},"author":1,"featured_media":50798,"comment_status":"closed","ping_status":"closed","sticky":false,"template":"","format":"standard","meta":{"footnotes":""},"categories":[597,573,583,7541],"tags":[8571],"class_list":["post-50797","post","type-post","status-publish","format-standard","has-post-thumbnail","","category-cinta-de-noticias","category-la-realidad-de-los-acontecimientos-en-siria","category-slide","category-ultimas-noticias","tag-ejercito"],"_links":{"self":[{"href":"https:\/\/archive.sana.sy\/es\/index.php?rest_route=\/wp\/v2\/posts\/50797"}],"collection":[{"href":"https:\/\/archive.sana.sy\/es\/index.php?rest_route=\/wp\/v2\/posts"}],"about":[{"href":"https:\/\/archive.sana.sy\/es\/index.php?rest_route=\/wp\/v2\/types\/post"}],"author":[{"embeddable":true,"href":"https:\/\/archive.sana.sy\/es\/index.php?rest_route=\/wp\/v2\/users\/1"}],"replies":[{"embeddable":true,"href":"https:\/\/archive.sana.sy\/es\/index.php?rest_route=%2Fwp%2Fv2%2Fcomments&post=50797"}],"version-history":[{"count":0,"href":"https:\/\/archive.sana.sy\/es\/index.php?rest_route=\/wp\/v2\/posts\/50797\/revisions"}],"wp:featuredmedia":[{"embeddable":true,"href":"https:\/\/archive.sana.sy\/es\/index.php?rest_route=\/wp\/v2\/media\/50798"}],"wp:attachment":[{"href":"https:\/\/archive.sana.sy\/es\/index.php?rest_route=%2Fwp%2Fv2%2Fmedia&parent=50797"}],"wp:term":[{"taxonomy":"category","embeddable":true,"href":"https:\/\/archive.sana.sy\/es\/index.php?rest_route=%2Fwp%2Fv2%2Fcategories&post=50797"},{"taxonomy":"post_tag","embeddable":true,"href":"https:\/\/archive.sana.sy\/es\/index.php?rest_route=%2Fwp%2Fv2%2Ftags&post=50797"}],"curies":[{"name":"wp","href":"https:\/\/api.w.org\/{rel}","templated":true}]}}