{"id":50969,"date":"2016-09-04T12:47:11","date_gmt":"2016-09-04T09:47:11","guid":{"rendered":"http:\/\/www.sana.sy\/es\/?p=50969"},"modified":"2016-09-04T12:47:57","modified_gmt":"2016-09-04T09:47:57","slug":"periodista-britanico-denuncia-apoyo-de-la-cia-a-los-terroristas-que-los-secuestraron-en-siria","status":"publish","type":"post","link":"https:\/\/archive.sana.sy\/es\/?p=50969","title":{"rendered":"Periodista brit\u00e1nico denuncia apoyo de la CIA a los terroristas que los secuestraron en Siria"},"content":{"rendered":"<p style=\"text-align: justify\"><span style=\"color: #800000\">Londres, SANA<\/span><\/p>\n<p style=\"text-align: justify\">Un periodista brit\u00e1nico, secuestrado en Siria en el a\u00f1o 2014, revel\u00f3 que fue secuestrado por un grupo terrorista apoyado por la Agencia Central de Inteligencia (CIA) de EE.UU.<\/p>\n<p style=\"text-align: justify\">En un art\u00edculo publicado el s\u00e1bado, Anthony Lloyd, el periodista del diario brit\u00e1nico &#8220;The Times&#8221; anunci\u00f3 que recientemente reconoci\u00f3 a quien le dispar\u00f3 y secuestr\u00f3 en un video donde se muestra a terroristas pertenecientes a un grupo apoyado por la Agencia Central de Inteligencia de EE.UU. (CIA).<\/p>\n<p style=\"text-align: justify\">Seg\u00fan Lloyd, el terrorista captor lo tom\u00f3 como reh\u00e9n acus\u00e1ndolo de espiar para las fuerzas de la CIA, pero, al revisar este video, se dio cuenta de que esa misma persona trabajaba como uno de los agentes de dicha organizaci\u00f3n estadounidense entre los terroristas sirios.<\/p>\n<p style=\"text-align: justify\">&#8220;Me dispar\u00f3 en medio de una multitud de espectadores tras haberme golpeado salvajemente, acus\u00e1ndome de ser un esp\u00eda de la CIA. Ahora, por lo que parece, trabaja para ella&#8221;, explica Anthony Lloyd, destacando que le dispar\u00f3 dos veces &#8220;casi a quemarropa&#8221; mientras estaba atado.<\/p>\n<p style=\"text-align: justify\">Durante su captura, el periodista del diario (The Times) sufri\u00f3 un disparo en la pierna y su colega Jack Hill fue duramente golpeado.<\/p>\n<p style=\"text-align: justify\">Lloyd explic\u00f3 que de que esta persona pertenec\u00eda a uno de los grupos armados que secunda EE.UU. y que, supuestamente, luchaban con los terroristas del Estado Isl\u00e1mico en Siria.<\/p>\n<p><span style=\"color: #0000ff\">Fady M., Hala B.<\/span><\/p>\n","protected":false},"excerpt":{"rendered":"<p>Londres, SANA Un periodista brit\u00e1nico, secuestrado en Siria en el a\u00f1o 2014, revel\u00f3 que fue secuestrado por un grupo terrorista apoyado por la Agencia Central de Inteligencia (CIA) de EE.UU. En un art\u00edculo publicado el s\u00e1bado, Anthony Lloyd, el periodista del diario brit\u00e1nico &#8220;The Times&#8221; anunci\u00f3 que recientemente reconoci\u00f3 a quien le dispar\u00f3 y secuestr\u00f3 &hellip;<\/p>\n","protected":false},"author":1,"featured_media":50971,"comment_status":"closed","ping_status":"closed","sticky":false,"template":"","format":"standard","meta":{"footnotes":""},"categories":[597,576,7541],"tags":[9191],"class_list":["post-50969","post","type-post","status-publish","format-standard","has-post-thumbnail","","category-cinta-de-noticias","category-noticias-politicas","category-ultimas-noticias","tag-periodista-britanico-denuncia-apoyo-de-la-cia-a-los-terroristas-que-los-secuestraron-en-siria"],"_links":{"self":[{"href":"https:\/\/archive.sana.sy\/es\/index.php?rest_route=\/wp\/v2\/posts\/50969"}],"collection":[{"href":"https:\/\/archive.sana.sy\/es\/index.php?rest_route=\/wp\/v2\/posts"}],"about":[{"href":"https:\/\/archive.sana.sy\/es\/index.php?rest_route=\/wp\/v2\/types\/post"}],"author":[{"embeddable":true,"href":"https:\/\/archive.sana.sy\/es\/index.php?rest_route=\/wp\/v2\/users\/1"}],"replies":[{"embeddable":true,"href":"https:\/\/archive.sana.sy\/es\/index.php?rest_route=%2Fwp%2Fv2%2Fcomments&post=50969"}],"version-history":[{"count":0,"href":"https:\/\/archive.sana.sy\/es\/index.php?rest_route=\/wp\/v2\/posts\/50969\/revisions"}],"wp:featuredmedia":[{"embeddable":true,"href":"https:\/\/archive.sana.sy\/es\/index.php?rest_route=\/wp\/v2\/media\/50971"}],"wp:attachment":[{"href":"https:\/\/archive.sana.sy\/es\/index.php?rest_route=%2Fwp%2Fv2%2Fmedia&parent=50969"}],"wp:term":[{"taxonomy":"category","embeddable":true,"href":"https:\/\/archive.sana.sy\/es\/index.php?rest_route=%2Fwp%2Fv2%2Fcategories&post=50969"},{"taxonomy":"post_tag","embeddable":true,"href":"https:\/\/archive.sana.sy\/es\/index.php?rest_route=%2Fwp%2Fv2%2Ftags&post=50969"}],"curies":[{"name":"wp","href":"https:\/\/api.w.org\/{rel}","templated":true}]}}