{"id":5103,"date":"2014-07-18T20:54:08","date_gmt":"2014-07-18T17:54:08","guid":{"rendered":"http:\/\/www.sana.sy\/es\/?p=5103"},"modified":"2014-07-18T20:54:27","modified_gmt":"2014-07-18T17:54:27","slug":"movimiento-cubano-por-la-paz-y-la-soberania-de-los-pueblos-condena-los-ataques-israelies-contra-el-pueblo-palestino","status":"publish","type":"post","link":"https:\/\/archive.sana.sy\/es\/?p=5103","title":{"rendered":"Movimiento Cubano por la Paz y la soberan\u00eda de los pueblos condena los ataques israel\u00edes contra el pueblo palestino"},"content":{"rendered":"<p style=\"text-align: justify\"><span style=\"color: #800000\">La Habana, SANA<\/span><\/p>\n<p style=\"text-align: justify\">El Movimiento Cubano por la Paz y la Soberan\u00eda de los Pueblos denunci\u00f3 los ataques israel\u00edes contra el pueblo palestino en la Franja de Gaza.<\/p>\n<p style=\"text-align: justify\">La Organizaci\u00f3n ha pedido en un comunicado, recibida una copia de \u00e9l por SANA, a la comunidad internacional a que adopte medidas concretas para detener el derramamiento de sangre del pueblo palestino, que est\u00e1n sufriendo de las pol\u00edticas agresivas de la entidad de ocupaci\u00f3n israel\u00ed.<\/p>\n<p style=\"text-align: justify\">Tambi\u00e9n expres\u00f3 su pleno apoyo a los palestinos y su derecho a recuperar su tierra usurpada y sus derechos leg\u00edtimos sobre ella.<\/p>\n<p style=\"text-align: justify\"><span style=\"color: #0000ff\">Ghifar Al.<\/span><\/p>\n","protected":false},"excerpt":{"rendered":"<p>La Habana, SANA El Movimiento Cubano por la Paz y la Soberan\u00eda de los Pueblos denunci\u00f3 los ataques israel\u00edes contra el pueblo palestino en la Franja de Gaza. La Organizaci\u00f3n ha pedido en un comunicado, recibida una copia de \u00e9l por SANA, a la comunidad internacional a que adopte medidas concretas para detener el derramamiento &hellip;<\/p>\n","protected":false},"author":1,"featured_media":5104,"comment_status":"closed","ping_status":"closed","sticky":false,"template":"","format":"standard","meta":{"footnotes":""},"categories":[597,456,457],"tags":[1170],"class_list":["post-5103","post","type-post","status-publish","format-standard","has-post-thumbnail","","category-cinta-de-noticias","category-arabe-internacional-politica","category-noticias-arabe-internacional-politica","tag-movimiento-cubano-por-la-paz-y-la-soberania-de-los-pueblos-condena-los-ataques-israelies-contra-el-pueblo-palestino"],"_links":{"self":[{"href":"https:\/\/archive.sana.sy\/es\/index.php?rest_route=\/wp\/v2\/posts\/5103"}],"collection":[{"href":"https:\/\/archive.sana.sy\/es\/index.php?rest_route=\/wp\/v2\/posts"}],"about":[{"href":"https:\/\/archive.sana.sy\/es\/index.php?rest_route=\/wp\/v2\/types\/post"}],"author":[{"embeddable":true,"href":"https:\/\/archive.sana.sy\/es\/index.php?rest_route=\/wp\/v2\/users\/1"}],"replies":[{"embeddable":true,"href":"https:\/\/archive.sana.sy\/es\/index.php?rest_route=%2Fwp%2Fv2%2Fcomments&post=5103"}],"version-history":[{"count":0,"href":"https:\/\/archive.sana.sy\/es\/index.php?rest_route=\/wp\/v2\/posts\/5103\/revisions"}],"wp:featuredmedia":[{"embeddable":true,"href":"https:\/\/archive.sana.sy\/es\/index.php?rest_route=\/wp\/v2\/media\/5104"}],"wp:attachment":[{"href":"https:\/\/archive.sana.sy\/es\/index.php?rest_route=%2Fwp%2Fv2%2Fmedia&parent=5103"}],"wp:term":[{"taxonomy":"category","embeddable":true,"href":"https:\/\/archive.sana.sy\/es\/index.php?rest_route=%2Fwp%2Fv2%2Fcategories&post=5103"},{"taxonomy":"post_tag","embeddable":true,"href":"https:\/\/archive.sana.sy\/es\/index.php?rest_route=%2Fwp%2Fv2%2Ftags&post=5103"}],"curies":[{"name":"wp","href":"https:\/\/api.w.org\/{rel}","templated":true}]}}