{"id":51081,"date":"2016-09-05T20:18:56","date_gmt":"2016-09-05T17:18:56","guid":{"rendered":"http:\/\/www.sana.sy\/es\/?p=51081"},"modified":"2016-09-05T20:18:56","modified_gmt":"2016-09-05T17:18:56","slug":"obama-hay-una-brecha-entre-las-posturas-de-eeuu-y-rusia","status":"publish","type":"post","link":"https:\/\/archive.sana.sy\/es\/?p=51081","title":{"rendered":"Obama hay una brecha entre las posturas de EEUU y Rusia"},"content":{"rendered":"<p>Hangzhou-SANA<\/p>\n<p>El presidente Obama anunci\u00f3 que las conversaciones con su hom\u00f3logo ruso se centraron en la crisis en Siria y las v\u00edas de promover el acuerdo de cese de las operaciones de combate en el pa\u00eds, para enfocarse en la lucha contra las organizaciones terroristas Daesh y Frente Al Nusra.<\/p>\n<p>En una conferencia de prensa al t\u00e9rmino de la cumbre del Grupo de los Veinte celebrada en la ciudad de China, Obama dijo que sus conversaciones con Putin hab\u00edan sido claras y pr\u00e1cticas, se\u00f1alando al mismo tiempo que existe una brecha entre las posiciones de los dos pa\u00edses sobre Siria la cual no han logrado superar hasta el momento.<\/p>\n<p>El mandatario estadounidense se\u00f1al\u00f3 haber dado instrucciones al secretario de Estado John Kerry, sobre la necesidad de mantener el di\u00e1logo en los pr\u00f3ximos d\u00edas de manera que permita pasar hacia el proceso pol\u00edtico para resolver la crisis en Siria con la participaci\u00f3n de todas las partes directa o indirectamente.<\/p>\n<p>Yamil K.<\/p>\n","protected":false},"excerpt":{"rendered":"<p>Hangzhou-SANA El presidente Obama anunci\u00f3 que las conversaciones con su hom\u00f3logo ruso se centraron en la crisis en Siria y las v\u00edas de promover el acuerdo de cese de las operaciones de combate en el pa\u00eds, para enfocarse en la lucha contra las organizaciones terroristas Daesh y Frente Al Nusra. En una conferencia de prensa &hellip;<\/p>\n","protected":false},"author":1,"featured_media":33671,"comment_status":"closed","ping_status":"closed","sticky":false,"template":"","format":"standard","meta":{"footnotes":""},"categories":[456,457,7541],"tags":[],"class_list":["post-51081","post","type-post","status-publish","format-standard","has-post-thumbnail","","category-arabe-internacional-politica","category-noticias-arabe-internacional-politica","category-ultimas-noticias"],"_links":{"self":[{"href":"https:\/\/archive.sana.sy\/es\/index.php?rest_route=\/wp\/v2\/posts\/51081"}],"collection":[{"href":"https:\/\/archive.sana.sy\/es\/index.php?rest_route=\/wp\/v2\/posts"}],"about":[{"href":"https:\/\/archive.sana.sy\/es\/index.php?rest_route=\/wp\/v2\/types\/post"}],"author":[{"embeddable":true,"href":"https:\/\/archive.sana.sy\/es\/index.php?rest_route=\/wp\/v2\/users\/1"}],"replies":[{"embeddable":true,"href":"https:\/\/archive.sana.sy\/es\/index.php?rest_route=%2Fwp%2Fv2%2Fcomments&post=51081"}],"version-history":[{"count":0,"href":"https:\/\/archive.sana.sy\/es\/index.php?rest_route=\/wp\/v2\/posts\/51081\/revisions"}],"wp:featuredmedia":[{"embeddable":true,"href":"https:\/\/archive.sana.sy\/es\/index.php?rest_route=\/wp\/v2\/media\/33671"}],"wp:attachment":[{"href":"https:\/\/archive.sana.sy\/es\/index.php?rest_route=%2Fwp%2Fv2%2Fmedia&parent=51081"}],"wp:term":[{"taxonomy":"category","embeddable":true,"href":"https:\/\/archive.sana.sy\/es\/index.php?rest_route=%2Fwp%2Fv2%2Fcategories&post=51081"},{"taxonomy":"post_tag","embeddable":true,"href":"https:\/\/archive.sana.sy\/es\/index.php?rest_route=%2Fwp%2Fv2%2Ftags&post=51081"}],"curies":[{"name":"wp","href":"https:\/\/api.w.org\/{rel}","templated":true}]}}