{"id":51084,"date":"2016-09-05T22:25:43","date_gmt":"2016-09-05T19:25:43","guid":{"rendered":"http:\/\/www.sana.sy\/es\/?p=51084"},"modified":"2016-09-05T22:25:43","modified_gmt":"2016-09-05T19:25:43","slug":"exteriores-el-terrorismo-patrocinado-por-algunos-paises-en-siria-es-un-peligro-para-todo-el-mundo","status":"publish","type":"post","link":"https:\/\/archive.sana.sy\/es\/?p=51084","title":{"rendered":"Exteriores: El terrorismo patrocinado por algunos pa\u00edses en Siria es un peligro para todo el mundo"},"content":{"rendered":"<p><span style=\"color: #800000;\">Damasco- SANA<\/span><\/p>\n<p>El ministerio de Exteriores envi\u00f3 dos misivas al Secretario General de las Naciones Unidas y al presidente del Consejo de Seguridad, en las que afirm\u00f3 que los atentados terroristas ocurrido hoy en las provincias de Tartus, Homs, la periferia de Damasco y al Hasaka son una continuidad del terrorismo sistem\u00e1tico practicado por los grupos terroristas. Y reclam\u00f3 al Consejo de Seguridad adoptar medidas punitivas contra los pa\u00edses patrocinadores del terrorismo, como Arabia Saud\u00ed, Turqu\u00eda, Qatar, y Francia.<\/p>\n<p>En la provincia de Tartus, un terrorista suicida deton\u00f3 un coche bomba en el Puente de Arzona, en la autopista internacional en la provincia de Tartus, y poco despu\u00e9s otro terrorista suicida con cintur\u00f3n explosivo se inmol\u00f3 entre la gente que acudi\u00f3 a socorrer a los heridos, lo que caus\u00f3 30 m\u00e1rtires y 43 heridos.<\/p>\n<p>En la ciudad de Homs, un terrorista suicida hizo estallar un coche bomba en la entrada al barrio de Bab Tadmur, causando 4 m\u00e1rtires y 10 heridos, adem\u00e1s de grandes da\u00f1os materiales en las propiedades p\u00fablicas y privadas.<\/p>\n<p>Y en la periferia de Damasco, dos terroristas con cinturones explosivos se inmolaron en la carretera de al Sapura- al Beyah, causando un m\u00e1rtir y 3 heridos, mientras que en la ciudad de al Hasaka, un terrorista deton\u00f3 una moto causando 5 m\u00e1rtires y varios heridos, adem\u00e1s de da\u00f1os materiales en el lugar.<\/p>\n<p>El ministerio de Exteriores a\u00f1adi\u00f3 que estos atentados terroristas son una continuidad del terrorismo sistem\u00e1tico de grupos terroristas, como \/el Frente de al Nusra\/ que cambi\u00f3 de nombre \u00faltimamente \/al Frente de la Conquista del Sham\/, \/Ej\u00e9rcito del Islam\/, \/Ahrar al Sham\/, \/Ej\u00e9rcito de la Conquista\/, el Movimiento de Nur al Din al Zenki\/.<br \/>\nY a estos grupos, algunos miembros del Consejo de Seguridad denominan \/Grupos Armados Moderados\/, sin hacer caso a los principios y resoluciones de las Naciones Unidas.<\/p>\n<p>\u201cLos sirios est\u00e1n arraigados en su patria, a pesar de decenas de miles de terroristas enviados por pa\u00edses patrocinadores del terrorismo, con el fin de debilitar al estado sirio, y a pesar de las masacres cometidas por orientaci\u00f3n de pa\u00edses como Arabia Saud\u00ed, Qatar, Turqu\u00eda, Gran Breta\u00f1a, Francia, y EE.UU que apoyan p\u00fablicamente a los terroristas y los califican como Oposici\u00f3n Moderada, y buscan justificaciones inmorales e inhumanas para que estos grupos terroristas contin\u00faen cometiendo masacres contra el pueblo sirio\u201d, se\u00f1al\u00f3 la Canciller\u00eda.<br \/>\nY subray\u00f3 que el gobierno sirio contin\u00faa sus esfuerzos para llegar a una soluci\u00f3n pol\u00edtica a la crisis, a trav\u00e9s de un di\u00e1logo intersirio, que conduce a erradicar el terrorismo y reconstruir lo destruido por los terroristas. Y este terrorismo patrocinado por algunos pa\u00edses en Siria es un peligro para todo el mundo y quienes lo financian y lo apoyan deben dejar de hacerlo.<\/p>\n<p>Exteriores concluy\u00f3 solicitando al Consejo de Seguridad una condena contundente e inmediata a los cr\u00edmenes terroristas, mantener la seguridad y la paz internacional, y adoptar medidas punitivas contra los pa\u00edses que apoyan al terrorismo para aplicar las resoluciones del Consejo de Seguridad 2170\/2014, 2178\/2104, 2199\/2015, 2253\/2015.<\/p>\n<p>&nbsp;<\/p>\n<p>&nbsp;<\/p>\n<p><span style=\"color: #0000ff;\">Akram. S<\/span><\/p>\n<p>&nbsp;<\/p>\n","protected":false},"excerpt":{"rendered":"<p>Damasco- SANA El ministerio de Exteriores envi\u00f3 dos misivas al Secretario General de las Naciones Unidas y al presidente del Consejo de Seguridad, en las que afirm\u00f3 que los atentados terroristas ocurrido hoy en las provincias de Tartus, Homs, la periferia de Damasco y al Hasaka son una continuidad del terrorismo sistem\u00e1tico practicado por los &hellip;<\/p>\n","protected":false},"author":1,"featured_media":51085,"comment_status":"closed","ping_status":"closed","sticky":false,"template":"","format":"standard","meta":{"footnotes":""},"categories":[597,476,576,583,7541],"tags":[],"class_list":["post-51084","post","type-post","status-publish","format-standard","has-post-thumbnail","","category-cinta-de-noticias","category-locales","category-noticias-politicas","category-slide","category-ultimas-noticias"],"_links":{"self":[{"href":"https:\/\/archive.sana.sy\/es\/index.php?rest_route=\/wp\/v2\/posts\/51084"}],"collection":[{"href":"https:\/\/archive.sana.sy\/es\/index.php?rest_route=\/wp\/v2\/posts"}],"about":[{"href":"https:\/\/archive.sana.sy\/es\/index.php?rest_route=\/wp\/v2\/types\/post"}],"author":[{"embeddable":true,"href":"https:\/\/archive.sana.sy\/es\/index.php?rest_route=\/wp\/v2\/users\/1"}],"replies":[{"embeddable":true,"href":"https:\/\/archive.sana.sy\/es\/index.php?rest_route=%2Fwp%2Fv2%2Fcomments&post=51084"}],"version-history":[{"count":0,"href":"https:\/\/archive.sana.sy\/es\/index.php?rest_route=\/wp\/v2\/posts\/51084\/revisions"}],"wp:featuredmedia":[{"embeddable":true,"href":"https:\/\/archive.sana.sy\/es\/index.php?rest_route=\/wp\/v2\/media\/51085"}],"wp:attachment":[{"href":"https:\/\/archive.sana.sy\/es\/index.php?rest_route=%2Fwp%2Fv2%2Fmedia&parent=51084"}],"wp:term":[{"taxonomy":"category","embeddable":true,"href":"https:\/\/archive.sana.sy\/es\/index.php?rest_route=%2Fwp%2Fv2%2Fcategories&post=51084"},{"taxonomy":"post_tag","embeddable":true,"href":"https:\/\/archive.sana.sy\/es\/index.php?rest_route=%2Fwp%2Fv2%2Ftags&post=51084"}],"curies":[{"name":"wp","href":"https:\/\/api.w.org\/{rel}","templated":true}]}}