{"id":51126,"date":"2016-09-06T17:53:13","date_gmt":"2016-09-06T14:53:13","guid":{"rendered":"http:\/\/www.sana.sy\/es\/?p=51126"},"modified":"2016-09-06T21:39:04","modified_gmt":"2016-09-06T18:39:04","slug":"siria-y-china-abordan-vias-de-desarrollar-la-cooperacion-en-materia-de-auxilio-y-servicios","status":"publish","type":"post","link":"https:\/\/archive.sana.sy\/es\/?p=51126","title":{"rendered":"Siria y China abordan v\u00edas de desarrollar la cooperaci\u00f3n en materia de auxilio y servicios"},"content":{"rendered":"<p><span style=\"color: #800000\">Damasco, SANA<\/span><\/p>\n<p style=\"text-align: justify\">El ministro de Administraci\u00f3n Local y Medioambiente, presidente del Comit\u00e9 Superior para Asuntos de Auxilio, Hossein Makhlouf, abord\u00f3 este martes con el embajador de China en Damasco, Qi Qianjin, las v\u00edas de reforzar la cooperaci\u00f3n binacional en materia de auxilio y servicios.<\/p>\n<p style=\"text-align: justify\">En la reuni\u00f3n, el ministro Makhlouf aludi\u00f3 a la posibilidad de que China aporte al sector de medioambiente sirio a trav\u00e9s de apoyar a las direcciones de aseo en las gobernaciones y los consejos municipales mediante asegurar los repuestos de sus veh\u00edculos y garantizar lo necesario para el transporte de los residuos s\u00f3lidos urbanos.<\/p>\n<p style=\"text-align: justify\">Asimismo llam\u00f3 a\u00a0aprovechar de la experiencia china en la formaci\u00f3n de los cuadros locales a fin de que el proceso de reconstrucci\u00f3n del pa\u00eds se lleve a cabo con manos de obra y experiencias sirias.<\/p>\n<p style=\"text-align: justify\">El ministro sirio agradeci\u00f3 a China por las ayudas humanitarias tanto m\u00e9dicas como alimentarias que ofreci\u00f3 a la poblaci\u00f3n siria, y por sus esfuerzos para aliviar el impacto de los actos terroristas sobre esta poblaci\u00f3n.<\/p>\n<p style=\"text-align: justify\">A su vez, el jefe de la diplomacia china en Siria, expres\u00f3 el inter\u00e9s de su gobierno en afianzar\u00a0la cooperaci\u00f3n bilateral en los diferentes \u00e1mbitos, reiterando la solidaridad de China con el pueblo sirio.<\/p>\n<p style=\"text-align: justify\">\nLynn A.<\/p>\n","protected":false},"excerpt":{"rendered":"<p>Damasco, SANA El ministro de Administraci\u00f3n Local y Medioambiente, presidente del Comit\u00e9 Superior para Asuntos de Auxilio, Hossein Makhlouf, abord\u00f3 este martes con el embajador de China en Damasco, Qi Qianjin, las v\u00edas de reforzar la cooperaci\u00f3n binacional en materia de auxilio y servicios. En la reuni\u00f3n, el ministro Makhlouf aludi\u00f3 a la posibilidad de &hellip;<\/p>\n","protected":false},"author":24,"featured_media":51128,"comment_status":"closed","ping_status":"closed","sticky":false,"template":"","format":"standard","meta":{"footnotes":""},"categories":[477,476,7541],"tags":[],"class_list":["post-51126","post","type-post","status-publish","format-standard","has-post-thumbnail","","category-noticias-edulcorantes","category-locales","category-ultimas-noticias"],"_links":{"self":[{"href":"https:\/\/archive.sana.sy\/es\/index.php?rest_route=\/wp\/v2\/posts\/51126"}],"collection":[{"href":"https:\/\/archive.sana.sy\/es\/index.php?rest_route=\/wp\/v2\/posts"}],"about":[{"href":"https:\/\/archive.sana.sy\/es\/index.php?rest_route=\/wp\/v2\/types\/post"}],"author":[{"embeddable":true,"href":"https:\/\/archive.sana.sy\/es\/index.php?rest_route=\/wp\/v2\/users\/24"}],"replies":[{"embeddable":true,"href":"https:\/\/archive.sana.sy\/es\/index.php?rest_route=%2Fwp%2Fv2%2Fcomments&post=51126"}],"version-history":[{"count":0,"href":"https:\/\/archive.sana.sy\/es\/index.php?rest_route=\/wp\/v2\/posts\/51126\/revisions"}],"wp:featuredmedia":[{"embeddable":true,"href":"https:\/\/archive.sana.sy\/es\/index.php?rest_route=\/wp\/v2\/media\/51128"}],"wp:attachment":[{"href":"https:\/\/archive.sana.sy\/es\/index.php?rest_route=%2Fwp%2Fv2%2Fmedia&parent=51126"}],"wp:term":[{"taxonomy":"category","embeddable":true,"href":"https:\/\/archive.sana.sy\/es\/index.php?rest_route=%2Fwp%2Fv2%2Fcategories&post=51126"},{"taxonomy":"post_tag","embeddable":true,"href":"https:\/\/archive.sana.sy\/es\/index.php?rest_route=%2Fwp%2Fv2%2Ftags&post=51126"}],"curies":[{"name":"wp","href":"https:\/\/api.w.org\/{rel}","templated":true}]}}