{"id":51272,"date":"2016-09-08T20:30:33","date_gmt":"2016-09-08T17:30:33","guid":{"rendered":"http:\/\/www.sana.sy\/es\/?p=51272"},"modified":"2016-09-08T20:34:15","modified_gmt":"2016-09-08T17:34:15","slug":"varios-ministros-inspeccionan-la-situacion-en-la-ciudad-de-daraya","status":"publish","type":"post","link":"https:\/\/archive.sana.sy\/es\/?p=51272","title":{"rendered":"Varios ministros inspeccionan la situaci\u00f3n en la ciudad de Daraya"},"content":{"rendered":"<div>\n<p><span style=\"color: #800000\">Damasco, SANA<\/span><\/p>\n<p>Varios ministros efectuaron este jueves una visita a la ciudad de Daraya cerca de Damasco.<\/p>\n<p>Los ministros que efectuaron la visita son los de Obras P\u00fablicas y Vivienda, de Administraci\u00f3n Local y Medio Ambiente y de Electricidad, adem\u00e1s del gobernador de Damasco.<\/p>\n<p>La visita apunta a inspeccionar la situaci\u00f3n en la ciudad con el fin de evaluar los da\u00f1os que sufri\u00f3 la infraestructura y los servicios p\u00fablicos.<\/p>\n<p>Asimismo, se desarrollar\u00e1 un plan para retirar los escombros y rehabilitar la ciudad que fue liberada de los terroristas en agosto pasado.<\/p>\n<p>En una declaraci\u00f3n a la prensa, el ministro de Administraci\u00f3n Local y Medio Ambiente, Hussein Makhlouf, dijo que las obras en la ciudad se realizar\u00e1n en tres ejes y son: levantar los escombros y abrir las calles, evaluar los da\u00f1os en las instituciones estatales y las instalaciones de servicios p\u00fablicos y formar comit\u00e9s para evaluar la seguridad estructural de todos los edificios.<\/p>\n<p>Por su parte, el Ministro de Electricidad, Mohamed Zuhair Kharbotli, dijo que los da\u00f1os en la red de electricidad se estima en miles de millones de libras sirias, explicando que se asign\u00f3 a un equipo especialistas la misi\u00f3n de evaluar los da\u00f1os con el fin de asegurar los suministros y los materiales necesarios para iniciar el restablecimiento de las redes el\u00e9ctricas de la ciudad.<\/p>\n<\/div>\n<div><\/div>\n<div>\n<p>Fady M., Lynn A.<\/p>\n<p>&nbsp;<\/p>\n<\/div>\n","protected":false},"excerpt":{"rendered":"<p>Damasco, SANA Varios ministros efectuaron este jueves una visita a la ciudad de Daraya cerca de Damasco. Los ministros que efectuaron la visita son los de Obras P\u00fablicas y Vivienda, de Administraci\u00f3n Local y Medio Ambiente y de Electricidad, adem\u00e1s del gobernador de Damasco. La visita apunta a inspeccionar la situaci\u00f3n en la ciudad con &hellip;<\/p>\n","protected":false},"author":1,"featured_media":51301,"comment_status":"closed","ping_status":"closed","sticky":false,"template":"","format":"standard","meta":{"footnotes":""},"categories":[597,476,7541],"tags":[9242],"class_list":["post-51272","post","type-post","status-publish","format-standard","has-post-thumbnail","","category-cinta-de-noticias","category-locales","category-ultimas-noticias","tag-varios-ministros-inspeccionan-la-situacion-en-la-ciudad-de-daraya"],"_links":{"self":[{"href":"https:\/\/archive.sana.sy\/es\/index.php?rest_route=\/wp\/v2\/posts\/51272"}],"collection":[{"href":"https:\/\/archive.sana.sy\/es\/index.php?rest_route=\/wp\/v2\/posts"}],"about":[{"href":"https:\/\/archive.sana.sy\/es\/index.php?rest_route=\/wp\/v2\/types\/post"}],"author":[{"embeddable":true,"href":"https:\/\/archive.sana.sy\/es\/index.php?rest_route=\/wp\/v2\/users\/1"}],"replies":[{"embeddable":true,"href":"https:\/\/archive.sana.sy\/es\/index.php?rest_route=%2Fwp%2Fv2%2Fcomments&post=51272"}],"version-history":[{"count":0,"href":"https:\/\/archive.sana.sy\/es\/index.php?rest_route=\/wp\/v2\/posts\/51272\/revisions"}],"wp:featuredmedia":[{"embeddable":true,"href":"https:\/\/archive.sana.sy\/es\/index.php?rest_route=\/wp\/v2\/media\/51301"}],"wp:attachment":[{"href":"https:\/\/archive.sana.sy\/es\/index.php?rest_route=%2Fwp%2Fv2%2Fmedia&parent=51272"}],"wp:term":[{"taxonomy":"category","embeddable":true,"href":"https:\/\/archive.sana.sy\/es\/index.php?rest_route=%2Fwp%2Fv2%2Fcategories&post=51272"},{"taxonomy":"post_tag","embeddable":true,"href":"https:\/\/archive.sana.sy\/es\/index.php?rest_route=%2Fwp%2Fv2%2Ftags&post=51272"}],"curies":[{"name":"wp","href":"https:\/\/api.w.org\/{rel}","templated":true}]}}