{"id":51284,"date":"2016-09-08T12:59:26","date_gmt":"2016-09-08T09:59:26","guid":{"rendered":"http:\/\/www.sana.sy\/es\/?p=51284"},"modified":"2016-09-08T19:04:17","modified_gmt":"2016-09-08T16:04:17","slug":"aviones-de-combate-sionistas-atacan-el-campo-de-quneitra","status":"publish","type":"post","link":"https:\/\/archive.sana.sy\/es\/?p=51284","title":{"rendered":"Aviones de combate sionistas atacan el campo de Quneitra"},"content":{"rendered":"<div>\n<p><span style=\"color: #800000\">Quneitra, SANA<\/span><\/p>\n<p>En el marco de su apoyo directo a los grupos terroristas takfir\u00edes, aviones de combate del enemigo israel\u00ed atacaron la noche del mi\u00e9rcoles a una posici\u00f3n ubicada al este del poblado de Hadar, a unos 11 km de la ciudad de Quneitra, cabecera de la provincia con el mismo nombre.<\/p>\n<p>Seg\u00fan fuentes en la gobernaci\u00f3n de Quneitra, el ataque israel\u00ed tuvo lugar contra la zona denominada como la Colinas Rojas (Talul al Humer), indicando que el ataque caus\u00f3 da\u00f1os materiales en el lugar.<\/p>\n<p>El ocupante israel\u00ed apoya de forma directa y p\u00fablica a los terroristas del Frente al Nousra y a otros grupos takfir\u00edes con el fin de elevar su moral desmoronada como consecuencia de las p\u00e9rdidas sufridas a manos del Ej\u00e9rcito \u00c1rabe Sirio.<\/p>\n<p>Fady M., Lynn A.<\/p>\n<p>&nbsp;<\/p>\n<\/div>\n","protected":false},"excerpt":{"rendered":"<p>Quneitra, SANA En el marco de su apoyo directo a los grupos terroristas takfir\u00edes, aviones de combate del enemigo israel\u00ed atacaron la noche del mi\u00e9rcoles a una posici\u00f3n ubicada al este del poblado de Hadar, a unos 11 km de la ciudad de Quneitra, cabecera de la provincia con el mismo nombre. Seg\u00fan fuentes en &hellip;<\/p>\n","protected":false},"author":1,"featured_media":51285,"comment_status":"closed","ping_status":"closed","sticky":false,"template":"","format":"standard","meta":{"footnotes":""},"categories":[477,476,7541],"tags":[9245],"class_list":["post-51284","post","type-post","status-publish","format-standard","has-post-thumbnail","","category-noticias-edulcorantes","category-locales","category-ultimas-noticias","tag-aviones-de-combate-sionistas-atacan-el-campo-de-quneitra"],"_links":{"self":[{"href":"https:\/\/archive.sana.sy\/es\/index.php?rest_route=\/wp\/v2\/posts\/51284"}],"collection":[{"href":"https:\/\/archive.sana.sy\/es\/index.php?rest_route=\/wp\/v2\/posts"}],"about":[{"href":"https:\/\/archive.sana.sy\/es\/index.php?rest_route=\/wp\/v2\/types\/post"}],"author":[{"embeddable":true,"href":"https:\/\/archive.sana.sy\/es\/index.php?rest_route=\/wp\/v2\/users\/1"}],"replies":[{"embeddable":true,"href":"https:\/\/archive.sana.sy\/es\/index.php?rest_route=%2Fwp%2Fv2%2Fcomments&post=51284"}],"version-history":[{"count":0,"href":"https:\/\/archive.sana.sy\/es\/index.php?rest_route=\/wp\/v2\/posts\/51284\/revisions"}],"wp:featuredmedia":[{"embeddable":true,"href":"https:\/\/archive.sana.sy\/es\/index.php?rest_route=\/wp\/v2\/media\/51285"}],"wp:attachment":[{"href":"https:\/\/archive.sana.sy\/es\/index.php?rest_route=%2Fwp%2Fv2%2Fmedia&parent=51284"}],"wp:term":[{"taxonomy":"category","embeddable":true,"href":"https:\/\/archive.sana.sy\/es\/index.php?rest_route=%2Fwp%2Fv2%2Fcategories&post=51284"},{"taxonomy":"post_tag","embeddable":true,"href":"https:\/\/archive.sana.sy\/es\/index.php?rest_route=%2Fwp%2Fv2%2Ftags&post=51284"}],"curies":[{"name":"wp","href":"https:\/\/api.w.org\/{rel}","templated":true}]}}