{"id":51326,"date":"2016-09-08T15:32:47","date_gmt":"2016-09-08T12:32:47","guid":{"rendered":"http:\/\/www.sana.sy\/es\/?p=51326"},"modified":"2016-09-08T20:33:20","modified_gmt":"2016-09-08T17:33:20","slug":"diab-presta-juramente-ante-el-presidente-al-assad","status":"publish","type":"post","link":"https:\/\/archive.sana.sy\/es\/?p=51326","title":{"rendered":"Diab presta juramente ante el presidente al-Assad"},"content":{"rendered":"<p><span style=\"color: #800000\">Damasco, SANA<\/span><\/p>\n<p>Hussein Ahmad Diab prest\u00f3 juramento ante el presidente Bashar al-Assad como nuevo gobernador de la provincia norte\u00f1a de Alepo.<\/p>\n<p><img loading=\"lazy\" decoding=\"async\" class=\"aligncenter size-medium wp-image-51328\" src=\"http:\/\/www.sana.sy\/es\/wp-content\/uploads\/2016\/09\/Presidente-Assad-Diab-2-300x168.jpg\" alt=\"presidente-assad-diab-2\" width=\"300\" height=\"168\" srcset=\"https:\/\/archive.sana.sy\/es\/wp-content\/uploads\/2016\/09\/Presidente-Assad-Diab-2.jpg 300w, https:\/\/archive.sana.sy\/es\/wp-content\/uploads\/2016\/09\/Presidente-Assad-Diab-2-150x84.jpg 150w\" sizes=\"(max-width: 300px) 100vw, 300px\" \/><\/p>\n<p>A continuaci\u00f3n, el presidente al-Assad recibi\u00f3 a Diab y le dio instrucciones, y luego le dese\u00f3\u00a0todo \u00e9xito en sus misiones futuras.<\/p>\n<p>Ayer, el presidente al-Assad emiti\u00f3 el\u00a0decreto de ley No. 285 del a\u00f1o 2016 que nombr\u00f3 a Hussein Ahmad Diab como nuevo gobernador de la provincia de Alepo.<\/p>\n<p>&nbsp;<\/p>\n<p>Lynn A.<\/p>\n","protected":false},"excerpt":{"rendered":"<p>Damasco, SANA Hussein Ahmad Diab prest\u00f3 juramento ante el presidente Bashar al-Assad como nuevo gobernador de la provincia norte\u00f1a de Alepo. A continuaci\u00f3n, el presidente al-Assad recibi\u00f3 a Diab y le dio instrucciones, y luego le dese\u00f3\u00a0todo \u00e9xito en sus misiones futuras. Ayer, el presidente al-Assad emiti\u00f3 el\u00a0decreto de ley No. 285 del a\u00f1o 2016 &hellip;<\/p>\n","protected":false},"author":24,"featured_media":51327,"comment_status":"closed","ping_status":"closed","sticky":false,"template":"","format":"standard","meta":{"footnotes":""},"categories":[477,476,626],"tags":[],"class_list":["post-51326","post","type-post","status-publish","format-standard","has-post-thumbnail","","category-noticias-edulcorantes","category-locales","category-sr-presidente"],"_links":{"self":[{"href":"https:\/\/archive.sana.sy\/es\/index.php?rest_route=\/wp\/v2\/posts\/51326"}],"collection":[{"href":"https:\/\/archive.sana.sy\/es\/index.php?rest_route=\/wp\/v2\/posts"}],"about":[{"href":"https:\/\/archive.sana.sy\/es\/index.php?rest_route=\/wp\/v2\/types\/post"}],"author":[{"embeddable":true,"href":"https:\/\/archive.sana.sy\/es\/index.php?rest_route=\/wp\/v2\/users\/24"}],"replies":[{"embeddable":true,"href":"https:\/\/archive.sana.sy\/es\/index.php?rest_route=%2Fwp%2Fv2%2Fcomments&post=51326"}],"version-history":[{"count":0,"href":"https:\/\/archive.sana.sy\/es\/index.php?rest_route=\/wp\/v2\/posts\/51326\/revisions"}],"wp:featuredmedia":[{"embeddable":true,"href":"https:\/\/archive.sana.sy\/es\/index.php?rest_route=\/wp\/v2\/media\/51327"}],"wp:attachment":[{"href":"https:\/\/archive.sana.sy\/es\/index.php?rest_route=%2Fwp%2Fv2%2Fmedia&parent=51326"}],"wp:term":[{"taxonomy":"category","embeddable":true,"href":"https:\/\/archive.sana.sy\/es\/index.php?rest_route=%2Fwp%2Fv2%2Fcategories&post=51326"},{"taxonomy":"post_tag","embeddable":true,"href":"https:\/\/archive.sana.sy\/es\/index.php?rest_route=%2Fwp%2Fv2%2Ftags&post=51326"}],"curies":[{"name":"wp","href":"https:\/\/api.w.org\/{rel}","templated":true}]}}