{"id":51342,"date":"2016-09-09T13:06:14","date_gmt":"2016-09-09T10:06:14","guid":{"rendered":"http:\/\/www.sana.sy\/es\/?p=51342"},"modified":"2016-09-09T13:06:14","modified_gmt":"2016-09-09T10:06:14","slug":"lavrov-y-kerry-celebran-una-nueva-reunion-sobre-siria","status":"publish","type":"post","link":"https:\/\/archive.sana.sy\/es\/?p=51342","title":{"rendered":"Lavrov y Kerry celebran una nueva reuni\u00f3n sobre Siria"},"content":{"rendered":"<p style=\"text-align: justify\"><span style=\"color: #800000\">Ginebra, SANA<\/span>&#8211; Comenz\u00f3 este viernes en la ciudad de Ginebra una reuni\u00f3n entre el canciller Sergei Lavrov, y su hom\u00f3logo estadounidense, John Kerry para discutir las v\u00edas de resolver la crisis en Siria.<\/p>\n<p style=\"text-align: justify\">Los dos ministros Lavrov y Kerry discutieron el jueves en una conversaci\u00f3n telef\u00f3nica las posibilidades de llevar a cabo una cooperaci\u00f3n ruso-estadounidenses en relaccion con la lucha contra los grupos terroristas en Siria y contribuir a la soluci\u00f3n de los problemas humanitarios y mover la soluci\u00f3n pol\u00edtica de la crisis sobre la base de los acuerdos alcanzados por los presidentes de Rusia y los Estados Unidos durante su reciente encuentro en la ciudad china de Hangzhou.<\/p>\n<p style=\"text-align: justify\">El portavoz presidencial de Rusia, Dmitry Peskov , anunci\u00f3 que Mosc\u00fa y Washington siguen trabajando en la elaboraci\u00f3n de un documento conjunto sobre la soluci\u00f3n de la crisis en Siria.<\/p>\n<p><em>M.Miri<\/em><\/p>\n","protected":false},"excerpt":{"rendered":"<p>Ginebra, SANA&#8211; Comenz\u00f3 este viernes en la ciudad de Ginebra una reuni\u00f3n entre el canciller Sergei Lavrov, y su hom\u00f3logo estadounidense, John Kerry para discutir las v\u00edas de resolver la crisis en Siria. Los dos ministros Lavrov y Kerry discutieron el jueves en una conversaci\u00f3n telef\u00f3nica las posibilidades de llevar a cabo una cooperaci\u00f3n ruso-estadounidenses &hellip;<\/p>\n","protected":false},"author":1,"featured_media":51343,"comment_status":"closed","ping_status":"closed","sticky":false,"template":"","format":"standard","meta":{"footnotes":""},"categories":[467,7541],"tags":[8698],"class_list":["post-51342","post","type-post","status-publish","format-standard","has-post-thumbnail","","category-siria-y-el-mundo","category-ultimas-noticias","tag-lavrov-y-kerry"],"_links":{"self":[{"href":"https:\/\/archive.sana.sy\/es\/index.php?rest_route=\/wp\/v2\/posts\/51342"}],"collection":[{"href":"https:\/\/archive.sana.sy\/es\/index.php?rest_route=\/wp\/v2\/posts"}],"about":[{"href":"https:\/\/archive.sana.sy\/es\/index.php?rest_route=\/wp\/v2\/types\/post"}],"author":[{"embeddable":true,"href":"https:\/\/archive.sana.sy\/es\/index.php?rest_route=\/wp\/v2\/users\/1"}],"replies":[{"embeddable":true,"href":"https:\/\/archive.sana.sy\/es\/index.php?rest_route=%2Fwp%2Fv2%2Fcomments&post=51342"}],"version-history":[{"count":0,"href":"https:\/\/archive.sana.sy\/es\/index.php?rest_route=\/wp\/v2\/posts\/51342\/revisions"}],"wp:featuredmedia":[{"embeddable":true,"href":"https:\/\/archive.sana.sy\/es\/index.php?rest_route=\/wp\/v2\/media\/51343"}],"wp:attachment":[{"href":"https:\/\/archive.sana.sy\/es\/index.php?rest_route=%2Fwp%2Fv2%2Fmedia&parent=51342"}],"wp:term":[{"taxonomy":"category","embeddable":true,"href":"https:\/\/archive.sana.sy\/es\/index.php?rest_route=%2Fwp%2Fv2%2Fcategories&post=51342"},{"taxonomy":"post_tag","embeddable":true,"href":"https:\/\/archive.sana.sy\/es\/index.php?rest_route=%2Fwp%2Fv2%2Ftags&post=51342"}],"curies":[{"name":"wp","href":"https:\/\/api.w.org\/{rel}","templated":true}]}}