{"id":51420,"date":"2016-09-09T20:02:01","date_gmt":"2016-09-09T17:02:01","guid":{"rendered":"http:\/\/www.sana.sy\/es\/?p=51420"},"modified":"2016-09-09T22:12:19","modified_gmt":"2016-09-09T19:12:19","slug":"gobernador-de-damasco-campo-revisa-los-proyectos-de-reconstruccion-del-barrio-monumental-en-malula","status":"publish","type":"post","link":"https:\/\/archive.sana.sy\/es\/?p=51420","title":{"rendered":"Gobernador de Damasco- Campo revisa los proyectos de reconstrucci\u00f3n del Barrio Monumental en Malula"},"content":{"rendered":"<p><span style=\"color: #800000;\">Damasco Campo- SANA<\/span><\/p>\n<p>El gobernador de la provincia de Damasco- Campo, Alaa Munir Ibrahim, realiz\u00f3 una visita a la ciudad de Malula para revisar los proyectos de reconstrucci\u00f3n del Barrio Monumental en Malula, los proyectos de alcantarillado, y la reforma de los edificios arqueol\u00f3gicos.<br \/>\nEl gobernador fue acompa\u00f1ado por especialistas ingenieros, donde hizo una gira por las calles y los monumentos de la ciudad que fueron destruidos por los grupos terroristas.<\/p>\n<p>\u201cEs necesario superar todas las dificultades a trav\u00e9s de una directa coordinaci\u00f3n con la Gobernaci\u00f3n, adem\u00e1s de estar en continuo contacto con los Direcciones de Agua, de Energ\u00eda El\u00e9ctrica, de Telecomunicaciones, y de Servicios T\u00e9cnicos, para superar los obst\u00e1culos ante la implementaci\u00f3n de los proyectos\u201d, dijo el gobernador Ibrahim.<\/p>\n<p>Y solicit\u00f3 del consejo municipal y al Comit\u00e9 de Reconstrucci\u00f3n de la ciudad celebrar reuniones con las partes mencionadas para debatir las fases de trabajo, y presentar a la gobernaci\u00f3n informes al respecto de forma peri\u00f3dica.<\/p>\n<p>&nbsp;<br \/>\n<span style=\"color: #0000ff;\">Akram. S<\/span><\/p>\n","protected":false},"excerpt":{"rendered":"<p>Damasco Campo- SANA El gobernador de la provincia de Damasco- Campo, Alaa Munir Ibrahim, realiz\u00f3 una visita a la ciudad de Malula para revisar los proyectos de reconstrucci\u00f3n del Barrio Monumental en Malula, los proyectos de alcantarillado, y la reforma de los edificios arqueol\u00f3gicos. El gobernador fue acompa\u00f1ado por especialistas ingenieros, donde hizo una gira &hellip;<\/p>\n","protected":false},"author":1,"featured_media":51421,"comment_status":"closed","ping_status":"closed","sticky":false,"template":"","format":"standard","meta":{"footnotes":""},"categories":[477,597,476,583,7541],"tags":[],"class_list":["post-51420","post","type-post","status-publish","format-standard","has-post-thumbnail","","category-noticias-edulcorantes","category-cinta-de-noticias","category-locales","category-slide","category-ultimas-noticias"],"_links":{"self":[{"href":"https:\/\/archive.sana.sy\/es\/index.php?rest_route=\/wp\/v2\/posts\/51420"}],"collection":[{"href":"https:\/\/archive.sana.sy\/es\/index.php?rest_route=\/wp\/v2\/posts"}],"about":[{"href":"https:\/\/archive.sana.sy\/es\/index.php?rest_route=\/wp\/v2\/types\/post"}],"author":[{"embeddable":true,"href":"https:\/\/archive.sana.sy\/es\/index.php?rest_route=\/wp\/v2\/users\/1"}],"replies":[{"embeddable":true,"href":"https:\/\/archive.sana.sy\/es\/index.php?rest_route=%2Fwp%2Fv2%2Fcomments&post=51420"}],"version-history":[{"count":0,"href":"https:\/\/archive.sana.sy\/es\/index.php?rest_route=\/wp\/v2\/posts\/51420\/revisions"}],"wp:featuredmedia":[{"embeddable":true,"href":"https:\/\/archive.sana.sy\/es\/index.php?rest_route=\/wp\/v2\/media\/51421"}],"wp:attachment":[{"href":"https:\/\/archive.sana.sy\/es\/index.php?rest_route=%2Fwp%2Fv2%2Fmedia&parent=51420"}],"wp:term":[{"taxonomy":"category","embeddable":true,"href":"https:\/\/archive.sana.sy\/es\/index.php?rest_route=%2Fwp%2Fv2%2Fcategories&post=51420"},{"taxonomy":"post_tag","embeddable":true,"href":"https:\/\/archive.sana.sy\/es\/index.php?rest_route=%2Fwp%2Fv2%2Ftags&post=51420"}],"curies":[{"name":"wp","href":"https:\/\/api.w.org\/{rel}","templated":true}]}}