{"id":51530,"date":"2016-09-12T10:29:17","date_gmt":"2016-09-12T07:29:17","guid":{"rendered":"http:\/\/www.sana.sy\/es\/?p=51530"},"modified":"2016-09-12T14:15:08","modified_gmt":"2016-09-12T11:15:08","slug":"presidente-al-assad-efectua-el-rezo-de-eid-al-adha-en-la-ciudad-de-daraya","status":"publish","type":"post","link":"https:\/\/archive.sana.sy\/es\/?p=51530","title":{"rendered":"Presidente al Assad efect\u00faa el rezo de Eid Al Adha en la ciudad de Daraya"},"content":{"rendered":"<p style=\"text-align: justify\"><span style=\"color: #800000\">Damasco, SANA<\/span><\/p>\n<p style=\"text-align: justify\">El presidente Bashar al Assad, efectu\u00f3 este domingo el rezo de Eid al-Adha (fiesta musulmana del sacrificio), en la mezquita Saad Bin Muaz, en la ciudad de Daraya al sur de Damasco.<\/p>\n<p style=\"text-align: justify\">Rezaron junto con el presidente el Gran Muft\u00ed de la Rep\u00fablica, Ahmad Bader el Din Hassun, el ministro de Asuntos Religiosos (Awqaf), Muhammad Abdul Sattar Sayed, el primer ministro Imad Khamis, adem\u00e1s de varios ministros y altos funcionarios en el Estado y el Partido.<\/p>\n<p style=\"text-align: justify\">Tras efectuar el rezo, el muft\u00ed de las provincias de Damasco y Damasco-campo, Adnan Afyumi, pronunci\u00f3 el serm\u00f3n del Eid en el que habl\u00f3 de los sublimes significados de esa fiesta religiosa y del ritual de la peregrinaci\u00f3n como uno de los pilares fundamentales del Islam.<\/p>\n<p style=\"text-align: justify\">Asimismo, hizo alusi\u00f3n a la injusta decisi\u00f3n saud\u00ed de privar a los sirios por quinto a\u00f1o consecutivo de efectuar la peregrinaci\u00f3n a la Meca, simplemente porque son sirios que escogieron quedarse en su tierra y dentro de su patria.<\/p>\n<p style=\"text-align: justify\">Explic\u00f3 que ellos no tienen derecho ninguno de privar a un pueblo simplemente por sus posturas pol\u00edticas ya que su misi\u00f3n es cuidar a los peregrinos y a los fieles, y no privarlos de efectuar este ritual por sus posturas pol\u00edticas.<\/p>\n<p style=\"text-align: justify\">El im\u00e1n Afyumi agreg\u00f3 que privar a los sirios de la peregrinaci\u00f3n es triste pero los sirios tienen ahora gran esperanza en sus corazones de que la guerra terminar\u00e1 gracias a las recientes victorias del Ej\u00e9rcito sirio contra el terrorismo y gracias a la reconciliaci\u00f3n, recordando que la patria es como la madre que perdona los errores de sus hijos.<\/p>\n<p style=\"text-align: justify\">El Im\u00e1n del rezo indic\u00f3 que efectuar el rezo del Eid en Daraya muestra que la apuesta por Occidente convirti\u00f3 a esa urbe pr\u00f3spera en una ciudad devastada, y eso es uno de los resultados de esa guerra injusta impuesta sobre Siria.<\/p>\n<p style=\"text-align: justify\">En su serm\u00f3n, Afyumi llam\u00f3 a la reconciliaci\u00f3n por ser el medio menos costoso para salir de la crisis en Siria, as\u00ed como llam\u00f3 a la reconstrucci\u00f3n de Siria para que vuelva m\u00e1s pr\u00f3spera que antes, y para que el pueblo sirio vuelva a ser un ejemplo de la alta conciencia y de la cultura. En este sentido, subray\u00f3 el rol de las instituciones en enfrentar la ideolog\u00eda del extremismo y el terrorismo.<\/p>\n<p style=\"text-align: justify\">Despu\u00e9s de la oraci\u00f3n, el presidente al-Assad y su s\u00e9quito realizaron un recorrido por varias calles de la ciudad que fue objeto de sabotajes sistem\u00e1ticos por parte del terrorismo, los cuales abarcaron las casas de adoraci\u00f3n, la infraestructura y las propiedades p\u00fablicas y privadas.<\/p>\n<p style=\"text-align: justify\">\n<p style=\"text-align: justify\">El presidente al-Assad escuch\u00f3 de\u00a0 los responsables hablar de los planes elaborados para restablecer en lo posible los servicios de forma que contribuya al retorno de la poblaci\u00f3n a sus hogares lo m\u00e1s pronto posible.<\/p>\n<p style=\"text-align: justify\">\n<p style=\"text-align: justify\">Preguntado sobre su mensaje a las zonas que todav\u00eda permanecen bajo el control de los armados, el presidente al-Assad dijo: es el mismo mensaje que repetimos en casa ocasi\u00f3n desde hace a\u00f1os, o sea invitamos a los sirios a encaminarse hacia la reconciliaci\u00f3n, y cuando hablo esto supongo que la mayor\u00eda de los sirios son patri\u00f3ticos y la mayor\u00eda de las personas que viven en aquellas zonas desean volver al seno de la patria pero a veces existe escepticismo hacia el Estado y a veces temor hacia los armados.<\/p>\n<p style=\"text-align: justify\">\n<p style=\"text-align: justify\">\u00a0\u201cLas puertas de la patria y las instituciones civiles y militares est\u00e1n abiertas a ellos en cada momento para que vuelvan al seno del Estado que es paternal para con sus hijos leales y aquellos que erraron pues cuando quieren pueden volver, pero aquellos que persisten en su funci\u00f3n de herramientas a cambio de un pu\u00f1ado de d\u00f3lares entonces les decimos simple y llanamente que las fuerzas armadas contin\u00faan su trabajo sin vacilaci\u00f3n ni tregua independientemente de cualquier circunstancia interna o externa hasta la instauraci\u00f3n de la seguridad en todas las zonas en base de las disposiciones de la constituci\u00f3n.<\/p>\n<p style=\"text-align: justify\">\n<p style=\"text-align: justify\">\n<div id='gallery-1' class='gallery galleryid-51530 gallery-columns-3 gallery-size-thumbnail'><figure class='gallery-item'>\n\t\t\t<div class='gallery-icon portrait'>\n\t\t\t\t<a href='https:\/\/archive.sana.sy\/es\/?attachment_id=51533'><img loading=\"lazy\" decoding=\"async\" width=\"136\" height=\"150\" src=\"https:\/\/archive.sana.sy\/es\/wp-content\/uploads\/2016\/09\/preass1-136x150.jpg\" class=\"attachment-thumbnail size-thumbnail\" alt=\"\" srcset=\"https:\/\/archive.sana.sy\/es\/wp-content\/uploads\/2016\/09\/preass1-136x150.jpg 136w, https:\/\/archive.sana.sy\/es\/wp-content\/uploads\/2016\/09\/preass1.jpg 272w\" sizes=\"(max-width: 136px) 100vw, 136px\" \/><\/a>\n\t\t\t<\/div><\/figure><figure class='gallery-item'>\n\t\t\t<div class='gallery-icon landscape'>\n\t\t\t\t<a href='https:\/\/archive.sana.sy\/es\/?attachment_id=51534'><img loading=\"lazy\" decoding=\"async\" width=\"150\" height=\"100\" src=\"https:\/\/archive.sana.sy\/es\/wp-content\/uploads\/2016\/09\/res2-150x100.jpg\" class=\"attachment-thumbnail size-thumbnail\" alt=\"\" srcset=\"https:\/\/archive.sana.sy\/es\/wp-content\/uploads\/2016\/09\/res2-150x100.jpg 150w, https:\/\/archive.sana.sy\/es\/wp-content\/uploads\/2016\/09\/res2.jpg 300w\" sizes=\"(max-width: 150px) 100vw, 150px\" \/><\/a>\n\t\t\t<\/div><\/figure><figure class='gallery-item'>\n\t\t\t<div class='gallery-icon landscape'>\n\t\t\t\t<a href='https:\/\/archive.sana.sy\/es\/?attachment_id=51535'><img loading=\"lazy\" decoding=\"async\" width=\"150\" height=\"100\" src=\"https:\/\/archive.sana.sy\/es\/wp-content\/uploads\/2016\/09\/pres3-150x100.jpg\" class=\"attachment-thumbnail size-thumbnail\" alt=\"\" srcset=\"https:\/\/archive.sana.sy\/es\/wp-content\/uploads\/2016\/09\/pres3-150x100.jpg 150w, https:\/\/archive.sana.sy\/es\/wp-content\/uploads\/2016\/09\/pres3.jpg 300w\" sizes=\"(max-width: 150px) 100vw, 150px\" \/><\/a>\n\t\t\t<\/div><\/figure>\n\t\t<\/div>\n\n<p style=\"text-align: justify\"><span style=\"color: #0000ff\">Fady M., Riad Sh., Hala B.<\/span><\/p>\n","protected":false},"excerpt":{"rendered":"<p>Damasco, SANA El presidente Bashar al Assad, efectu\u00f3 este domingo el rezo de Eid al-Adha (fiesta musulmana del sacrificio), en la mezquita Saad Bin Muaz, en la ciudad de Daraya al sur de Damasco. Rezaron junto con el presidente el Gran Muft\u00ed de la Rep\u00fablica, Ahmad Bader el Din Hassun, el ministro de Asuntos Religiosos &hellip;<\/p>\n","protected":false},"author":1,"featured_media":51531,"comment_status":"closed","ping_status":"closed","sticky":false,"template":"","format":"standard","meta":{"footnotes":""},"categories":[583,626],"tags":[9259],"class_list":["post-51530","post","type-post","status-publish","format-standard","has-post-thumbnail","","category-slide","category-sr-presidente","tag-presidente-al-assad-efectua-el-rezo-de-eid-al-adha-en-la-ciudad-de-daraya"],"_links":{"self":[{"href":"https:\/\/archive.sana.sy\/es\/index.php?rest_route=\/wp\/v2\/posts\/51530"}],"collection":[{"href":"https:\/\/archive.sana.sy\/es\/index.php?rest_route=\/wp\/v2\/posts"}],"about":[{"href":"https:\/\/archive.sana.sy\/es\/index.php?rest_route=\/wp\/v2\/types\/post"}],"author":[{"embeddable":true,"href":"https:\/\/archive.sana.sy\/es\/index.php?rest_route=\/wp\/v2\/users\/1"}],"replies":[{"embeddable":true,"href":"https:\/\/archive.sana.sy\/es\/index.php?rest_route=%2Fwp%2Fv2%2Fcomments&post=51530"}],"version-history":[{"count":0,"href":"https:\/\/archive.sana.sy\/es\/index.php?rest_route=\/wp\/v2\/posts\/51530\/revisions"}],"wp:featuredmedia":[{"embeddable":true,"href":"https:\/\/archive.sana.sy\/es\/index.php?rest_route=\/wp\/v2\/media\/51531"}],"wp:attachment":[{"href":"https:\/\/archive.sana.sy\/es\/index.php?rest_route=%2Fwp%2Fv2%2Fmedia&parent=51530"}],"wp:term":[{"taxonomy":"category","embeddable":true,"href":"https:\/\/archive.sana.sy\/es\/index.php?rest_route=%2Fwp%2Fv2%2Fcategories&post=51530"},{"taxonomy":"post_tag","embeddable":true,"href":"https:\/\/archive.sana.sy\/es\/index.php?rest_route=%2Fwp%2Fv2%2Ftags&post=51530"}],"curies":[{"name":"wp","href":"https:\/\/api.w.org\/{rel}","templated":true}]}}