{"id":51658,"date":"2016-09-13T16:50:31","date_gmt":"2016-09-13T13:50:31","guid":{"rendered":"http:\/\/www.sana.sy\/es\/?p=51658"},"modified":"2016-09-13T16:54:17","modified_gmt":"2016-09-13T13:54:17","slug":"siria-rechaza-la-entrega-de-ayuda-humanitaria-a-alepo-sin-una-coordinacion-con-su-gobierno-y-con-la-onu","status":"publish","type":"post","link":"https:\/\/archive.sana.sy\/es\/?p=51658","title":{"rendered":"Siria rechaza la entrega de ayuda humanitaria a Alepo sin una coordinaci\u00f3n con su gobierno y con la ONU"},"content":{"rendered":"<p style=\"text-align: justify\"><span style=\"color: #800000\">Damasco, SANA<\/span>&#8211; Una fuente oficial del Ministerio de Asuntos Exteriores y Expatriados hizo hincapi\u00e9 en que Siria se niega a aceptar la entrega de ayuda humanitaria a Alepo ofrecida, especialmente, por el r\u00e9gimen turco sin la coordinaci\u00f3n con el gobierno sirio y con las Naciones Unidas.<\/p>\n<p style=\"text-align: justify\">&#8220;La Rep\u00fablica \u00c1rabe Siria anuncia su rechazo a la entrega de este tipo de ayudas brindadas de cualquiera parte, en particular, del r\u00e9gimen turco, sin una coordinaci\u00f3n con el gobierno sirio y con las Naciones Unidas&#8221;, informa la fuente de la canciller\u00eda siria.<\/p>\n<p style=\"text-align: justify\">La fuente agreg\u00f3 que el gobierno sirio confirma que cualquier acci\u00f3n militar llevada a cabo por la Fuerza A\u00e9rea de Turqu\u00eda en el territorio sirio bajo el pretexto de combatir a &#8220;Daesh&#8221; y sin la coordinaci\u00f3n con el gobierno sirio y con el comando de las operaciones rusas, se considerar\u00e1 una agresi\u00f3n contra Siria y una violaci\u00f3n de su soberan\u00eda e integridad territorial, as\u00ed que Siria va a responder a esta agresi\u00f3n a trav\u00e9s de los medios adecuados en el marco de su defensa de su soberan\u00eda nacional.<\/p>\n<p style=\"text-align: justify\">En este sentido, la fuente de la canciller\u00eda siria aclar\u00f3 que Turqu\u00eda ha sido desde el inicio de la crisis en el pa\u00eds, uno de los mayores patrocinadores de los grupos terroristas , proporcion\u00e1ndolos todo tipo de apoyo y respaldo.<\/p>\n<p><em>M.Miri<\/em><\/p>\n","protected":false},"excerpt":{"rendered":"<p>Damasco, SANA&#8211; Una fuente oficial del Ministerio de Asuntos Exteriores y Expatriados hizo hincapi\u00e9 en que Siria se niega a aceptar la entrega de ayuda humanitaria a Alepo ofrecida, especialmente, por el r\u00e9gimen turco sin la coordinaci\u00f3n con el gobierno sirio y con las Naciones Unidas. &#8220;La Rep\u00fablica \u00c1rabe Siria anuncia su rechazo a la &hellip;<\/p>\n","protected":false},"author":1,"featured_media":46571,"comment_status":"closed","ping_status":"closed","sticky":false,"template":"","format":"standard","meta":{"footnotes":""},"categories":[477,597,476,583,7541],"tags":[9290],"class_list":["post-51658","post","type-post","status-publish","format-standard","has-post-thumbnail","","category-noticias-edulcorantes","category-cinta-de-noticias","category-locales","category-slide","category-ultimas-noticias","tag-siria-rechaza-la-entrega-de-ayuda-humanitaria-a-alepo-sin-una-coordinacion-con-su-gobierno-y-con-la-onu"],"_links":{"self":[{"href":"https:\/\/archive.sana.sy\/es\/index.php?rest_route=\/wp\/v2\/posts\/51658"}],"collection":[{"href":"https:\/\/archive.sana.sy\/es\/index.php?rest_route=\/wp\/v2\/posts"}],"about":[{"href":"https:\/\/archive.sana.sy\/es\/index.php?rest_route=\/wp\/v2\/types\/post"}],"author":[{"embeddable":true,"href":"https:\/\/archive.sana.sy\/es\/index.php?rest_route=\/wp\/v2\/users\/1"}],"replies":[{"embeddable":true,"href":"https:\/\/archive.sana.sy\/es\/index.php?rest_route=%2Fwp%2Fv2%2Fcomments&post=51658"}],"version-history":[{"count":0,"href":"https:\/\/archive.sana.sy\/es\/index.php?rest_route=\/wp\/v2\/posts\/51658\/revisions"}],"wp:featuredmedia":[{"embeddable":true,"href":"https:\/\/archive.sana.sy\/es\/index.php?rest_route=\/wp\/v2\/media\/46571"}],"wp:attachment":[{"href":"https:\/\/archive.sana.sy\/es\/index.php?rest_route=%2Fwp%2Fv2%2Fmedia&parent=51658"}],"wp:term":[{"taxonomy":"category","embeddable":true,"href":"https:\/\/archive.sana.sy\/es\/index.php?rest_route=%2Fwp%2Fv2%2Fcategories&post=51658"},{"taxonomy":"post_tag","embeddable":true,"href":"https:\/\/archive.sana.sy\/es\/index.php?rest_route=%2Fwp%2Fv2%2Ftags&post=51658"}],"curies":[{"name":"wp","href":"https:\/\/api.w.org\/{rel}","templated":true}]}}